{"id":5147,"date":"2026-04-14T11:21:39","date_gmt":"2026-04-14T14:21:39","guid":{"rendered":"https:\/\/spps.gob.ar\/?p=5147"},"modified":"2026-04-28T11:28:04","modified_gmt":"2026-04-28T14:28:04","slug":"provincia-y-municipio-impulsan-acciones-conjuntas-para-la-reinsercion-social-en-oran","status":"publish","type":"post","link":"https:\/\/spps.gob.ar\/?p=5147","title":{"rendered":"Provincia y Municipio impulsan acciones conjuntas para la reinserci\u00f3n social en Or\u00e1n"},"content":{"rendered":"\n<figure class=\"wp-block-image alignright size-large is-resized\"><img loading=\"lazy\" decoding=\"async\" width=\"1024\" height=\"576\" src=\"https:\/\/spps.gob.ar\/wp-content\/uploads\/2026\/04\/13831-se-inauguro-el-primer-pabellon-de-semilibertad-para-mujeres-1024x576.webp\" alt=\"\" class=\"wp-image-5148\" style=\"width:386px;height:auto\" srcset=\"https:\/\/spps.gob.ar\/wp-content\/uploads\/2026\/04\/13831-se-inauguro-el-primer-pabellon-de-semilibertad-para-mujeres-1024x576.webp 1024w, https:\/\/spps.gob.ar\/wp-content\/uploads\/2026\/04\/13831-se-inauguro-el-primer-pabellon-de-semilibertad-para-mujeres-300x169.webp 300w, https:\/\/spps.gob.ar\/wp-content\/uploads\/2026\/04\/13831-se-inauguro-el-primer-pabellon-de-semilibertad-para-mujeres-768x432.webp 768w, https:\/\/spps.gob.ar\/wp-content\/uploads\/2026\/04\/13831-se-inauguro-el-primer-pabellon-de-semilibertad-para-mujeres.webp 1066w\" sizes=\"auto, (max-width: 1024px) 100vw, 1024px\" \/><\/figure>\n\n\n\n<p>Personas privadas de la libertad participan en obras de adoquinado como parte de un trabajo articulado que promueve inclusi\u00f3n, capacitaci\u00f3n y oportunidades de reinserci\u00f3n.<\/p>\n\n\n\n<p>En el marco de las pol\u00edticas de reinserci\u00f3n social, el Gobierno de la Provincia de Salta, a trav\u00e9s del Servicio Penitenciario, y la Municipalidad de la Ciudad de San Ram\u00f3n de la Nueva Or\u00e1n llevan adelante un trabajo articulado que promueve la inclusi\u00f3n y el fortalecimiento de v\u00ednculos con la comunidad, mediante la participaci\u00f3n de personas privadas de la libertad en tareas de adoquinado en distintos sectores de la ciudad.<\/p>\n\n\n\n<p>Las acciones se desarrollan a partir de un convenio de cooperaci\u00f3n suscripto entre ambas instituciones, que permite que internos pr\u00f3ximos a cumplir su condena accedan a instancias de capacitaci\u00f3n y trabajo en obras p\u00fablicas municipales, favoreciendo su preparaci\u00f3n para el regreso a la vida en sociedad.<\/p>\n\n\n\n<p>Este trabajo conjunto entre la Provincia y el Municipio no solo contribuye al mejoramiento de los espacios urbanos, sino que tambi\u00e9n constituye una herramienta clave para la reinserci\u00f3n social, al promover la adquisici\u00f3n de oficios, el desarrollo de h\u00e1bitos laborales y la construcci\u00f3n de un proyecto de vida basado en la responsabilidad y la cultura del trabajo.<\/p>\n\n\n\n<p>Desde el Servicio Penitenciario se destac\u00f3 la importancia de generar oportunidades reales de inclusi\u00f3n, reafirmando el compromiso institucional con una pol\u00edtica penitenciaria centrada en la formaci\u00f3n, la dignidad y la integraci\u00f3n social de las personas privadas de la libertad.<\/p>\n\n\n\n<h4 class=\"wp-block-heading has-text-align-center\">Galer\u00eda de Fotos<\/h4>\n\n\n\n<figure class=\"wp-block-gallery has-nested-images columns-default is-cropped wp-block-gallery-1 is-layout-flex wp-block-gallery-is-layout-flex\">\n<figure class=\"wp-block-image size-large\"><img loading=\"lazy\" decoding=\"async\" width=\"1024\" height=\"576\" data-id=\"5149\" src=\"https:\/\/spps.gob.ar\/wp-content\/uploads\/2026\/04\/19058-trabajos-1024x576.webp\" alt=\"\" class=\"wp-image-5149\" srcset=\"https:\/\/spps.gob.ar\/wp-content\/uploads\/2026\/04\/19058-trabajos-1024x576.webp 1024w, https:\/\/spps.gob.ar\/wp-content\/uploads\/2026\/04\/19058-trabajos-300x169.webp 300w, https:\/\/spps.gob.ar\/wp-content\/uploads\/2026\/04\/19058-trabajos-768x432.webp 768w, https:\/\/spps.gob.ar\/wp-content\/uploads\/2026\/04\/19058-trabajos.webp 1066w\" sizes=\"auto, (max-width: 1024px) 100vw, 1024px\" \/><\/figure>\n\n\n\n<figure class=\"wp-block-image size-large\"><img loading=\"lazy\" decoding=\"async\" width=\"1024\" height=\"576\" data-id=\"5150\" src=\"https:\/\/spps.gob.ar\/wp-content\/uploads\/2026\/04\/19059-trabajos-1024x576.webp\" alt=\"\" class=\"wp-image-5150\" srcset=\"https:\/\/spps.gob.ar\/wp-content\/uploads\/2026\/04\/19059-trabajos-1024x576.webp 1024w, https:\/\/spps.gob.ar\/wp-content\/uploads\/2026\/04\/19059-trabajos-300x169.webp 300w, https:\/\/spps.gob.ar\/wp-content\/uploads\/2026\/04\/19059-trabajos-768x432.webp 768w, https:\/\/spps.gob.ar\/wp-content\/uploads\/2026\/04\/19059-trabajos.webp 1066w\" sizes=\"auto, (max-width: 1024px) 100vw, 1024px\" \/><\/figure>\n\n\n\n<figure class=\"wp-block-image size-large\"><img loading=\"lazy\" decoding=\"async\" width=\"1024\" height=\"576\" data-id=\"5151\" src=\"https:\/\/spps.gob.ar\/wp-content\/uploads\/2026\/04\/19060-trabajos-1024x576.webp\" alt=\"\" class=\"wp-image-5151\" srcset=\"https:\/\/spps.gob.ar\/wp-content\/uploads\/2026\/04\/19060-trabajos-1024x576.webp 1024w, https:\/\/spps.gob.ar\/wp-content\/uploads\/2026\/04\/19060-trabajos-300x169.webp 300w, https:\/\/spps.gob.ar\/wp-content\/uploads\/2026\/04\/19060-trabajos-768x432.webp 768w, https:\/\/spps.gob.ar\/wp-content\/uploads\/2026\/04\/19060-trabajos.webp 1066w\" sizes=\"auto, (max-width: 1024px) 100vw, 1024px\" \/><\/figure>\n<\/figure>\n","protected":false},"excerpt":{"rendered":"<p>Personas privadas de la libertad participan en obras de adoquinado como parte de un trabajo articulado que promueve inclusi\u00f3n, capacitaci\u00f3n [&hellip;]<\/p>\n","protected":false},"author":8,"featured_media":5150,"comment_status":"closed","ping_status":"closed","sticky":false,"template":"","format":"standard","meta":{"_uag_custom_page_level_css":"","site-sidebar-layout":"default","site-content-layout":"","ast-site-content-layout":"default","site-content-style":"default","site-sidebar-style":"default","ast-global-header-display":"","ast-banner-title-visibility":"","ast-main-header-display":"","ast-hfb-above-header-display":"","ast-hfb-below-header-display":"","ast-hfb-mobile-header-display":"","site-post-title":"","ast-breadcrumbs-content":"","ast-featured-img":"","footer-sml-layout":"","ast-disable-related-posts":"","theme-transparent-header-meta":"","adv-header-id-meta":"","stick-header-meta":"","header-above-stick-meta":"","header-main-stick-meta":"","header-below-stick-meta":"","astra-migrate-meta-layouts":"default","ast-page-background-enabled":"default","ast-page-background-meta":{"desktop":{"background-color":"var(--ast-global-color-4)","background-image":"","background-repeat":"repeat","background-position":"center center","background-size":"auto","background-attachment":"scroll","background-type":"","background-media":"","overlay-type":"","overlay-color":"","overlay-opacity":"","overlay-gradient":""},"tablet":{"background-color":"","background-image":"","background-repeat":"repeat","background-position":"center center","background-size":"auto","background-attachment":"scroll","background-type":"","background-media":"","overlay-type":"","overlay-color":"","overlay-opacity":"","overlay-gradient":""},"mobile":{"background-color":"","background-image":"","background-repeat":"repeat","background-position":"center center","background-size":"auto","background-attachment":"scroll","background-type":"","background-media":"","overlay-type":"","overlay-color":"","overlay-opacity":"","overlay-gradient":""}},"ast-content-background-meta":{"desktop":{"background-color":"var(--ast-global-color-5)","background-image":"","background-repeat":"repeat","background-position":"center center","background-size":"auto","background-attachment":"scroll","background-type":"","background-media":"","overlay-type":"","overlay-color":"","overlay-opacity":"","overlay-gradient":""},"tablet":{"background-color":"var(--ast-global-color-5)","background-image":"","background-repeat":"repeat","background-position":"center center","background-size":"auto","background-attachment":"scroll","background-type":"","background-media":"","overlay-type":"","overlay-color":"","overlay-opacity":"","overlay-gradient":""},"mobile":{"background-color":"var(--ast-global-color-5)","background-image":"","background-repeat":"repeat","background-position":"center center","background-size":"auto","background-attachment":"scroll","background-type":"","background-media":"","overlay-type":"","overlay-color":"","overlay-opacity":"","overlay-gradient":""}},"footnotes":""},"categories":[1],"tags":[],"class_list":["post-5147","post","type-post","status-publish","format-standard","has-post-thumbnail","hentry","category-sin-categoria"],"uagb_featured_image_src":{"full":["https:\/\/spps.gob.ar\/wp-content\/uploads\/2026\/04\/19059-trabajos.webp",1066,600,false],"thumbnail":["https:\/\/spps.gob.ar\/wp-content\/uploads\/2026\/04\/19059-trabajos-150x150.webp",150,150,true],"medium":["https:\/\/spps.gob.ar\/wp-content\/uploads\/2026\/04\/19059-trabajos-300x169.webp",300,169,true],"medium_large":["https:\/\/spps.gob.ar\/wp-content\/uploads\/2026\/04\/19059-trabajos-768x432.webp",768,432,true],"large":["https:\/\/spps.gob.ar\/wp-content\/uploads\/2026\/04\/19059-trabajos-1024x576.webp",1024,576,true],"1536x1536":["https:\/\/spps.gob.ar\/wp-content\/uploads\/2026\/04\/19059-trabajos.webp",1066,600,false],"2048x2048":["https:\/\/spps.gob.ar\/wp-content\/uploads\/2026\/04\/19059-trabajos.webp",1066,600,false]},"uagb_author_info":{"display_name":"Ceremonial","author_link":"https:\/\/spps.gob.ar\/?author=8"},"uagb_comment_info":0,"uagb_excerpt":"Personas privadas de la libertad participan en obras de adoquinado como parte de un trabajo articulado que promueve inclusi\u00f3n, capacitaci\u00f3n [&hellip;]","_links":{"self":[{"href":"https:\/\/spps.gob.ar\/index.php?rest_route=\/wp\/v2\/posts\/5147","targetHints":{"allow":["GET"]}}],"collection":[{"href":"https:\/\/spps.gob.ar\/index.php?rest_route=\/wp\/v2\/posts"}],"about":[{"href":"https:\/\/spps.gob.ar\/index.php?rest_route=\/wp\/v2\/types\/post"}],"author":[{"embeddable":true,"href":"https:\/\/spps.gob.ar\/index.php?rest_route=\/wp\/v2\/users\/8"}],"replies":[{"embeddable":true,"href":"https:\/\/spps.gob.ar\/index.php?rest_route=%2Fwp%2Fv2%2Fcomments&post=5147"}],"version-history":[{"count":1,"href":"https:\/\/spps.gob.ar\/index.php?rest_route=\/wp\/v2\/posts\/5147\/revisions"}],"predecessor-version":[{"id":5152,"href":"https:\/\/spps.gob.ar\/index.php?rest_route=\/wp\/v2\/posts\/5147\/revisions\/5152"}],"wp:featuredmedia":[{"embeddable":true,"href":"https:\/\/spps.gob.ar\/index.php?rest_route=\/wp\/v2\/media\/5150"}],"wp:attachment":[{"href":"https:\/\/spps.gob.ar\/index.php?rest_route=%2Fwp%2Fv2%2Fmedia&parent=5147"}],"wp:term":[{"taxonomy":"category","embeddable":true,"href":"https:\/\/spps.gob.ar\/index.php?rest_route=%2Fwp%2Fv2%2Fcategories&post=5147"},{"taxonomy":"post_tag","embeddable":true,"href":"https:\/\/spps.gob.ar\/index.php?rest_route=%2Fwp%2Fv2%2Ftags&post=5147"}],"curies":[{"name":"wp","href":"https:\/\/api.w.org\/{rel}","templated":true}]}}