{"id":4928,"date":"2026-02-26T11:49:32","date_gmt":"2026-02-26T14:49:32","guid":{"rendered":"https:\/\/spps.gob.ar\/?p=4928"},"modified":"2026-03-14T12:01:46","modified_gmt":"2026-03-14T15:01:46","slug":"la-secretaria-de-justicia-apuesta-a-la-tecnologia-para-fortalecer-su-gestion","status":"publish","type":"post","link":"https:\/\/spps.gob.ar\/?p=4928","title":{"rendered":"La Secretar\u00eda de Justicia apuesta a la tecnolog\u00eda para fortalecer su gesti\u00f3n"},"content":{"rendered":"\n<p>La capacitaci\u00f3n comenz\u00f3 con el personal penitenciario y continuar\u00e1 el lunes 2 de marzo con agentes de la Secretar\u00eda de Justicia, en el marco del plan de transformaci\u00f3n digital.<\/p>\n\n\n\n<figure class=\"wp-block-image alignright size-full\"><img loading=\"lazy\" decoding=\"async\" width=\"560\" height=\"315\" src=\"https:\/\/spps.gob.ar\/wp-content\/uploads\/2026\/03\/image-33.png\" alt=\"\" class=\"wp-image-4929\" srcset=\"https:\/\/spps.gob.ar\/wp-content\/uploads\/2026\/03\/image-33.png 560w, https:\/\/spps.gob.ar\/wp-content\/uploads\/2026\/03\/image-33-300x169.png 300w\" sizes=\"auto, (max-width: 560px) 100vw, 560px\" \/><\/figure>\n\n\n\n<p>En el Sal\u00f3n de Actos \u201cEnrique Barbieri\u201d del Servicio Penitenciario de Salta se realiz\u00f3 la capacitaci\u00f3n \u201cTransformaci\u00f3n Digital y Uso de Inteligencia Artificial en la Secretar\u00eda de Justicia y Derechos Humanos\u201d, destinada en esta primera instancia a agentes del Servicio Penitenciario.<\/p>\n\n\n\n<p>El secretario de Justicia y Derechos Humanos,&nbsp;<strong>Javier M\u00f3nico<\/strong>, alent\u00f3 a los participantes a involucrarse activamente y destac\u00f3 que la inteligencia artificial es una herramienta clave para hacer m\u00e1s eficientes las tareas diarias. Se\u00f1al\u00f3 que las nuevas tecnolog\u00edas marcaron un cambio en la forma de estudiar y trabajar, y sostuvo que la capacitaci\u00f3n permitir\u00e1 mejorar informes, an\u00e1lisis y procesos administrativos.<\/p>\n\n\n\n<p>Por su parte, el secretario de Modernizaci\u00f3n y Servicios P\u00fablicos,&nbsp;<strong>Mart\u00edn Miguel G\u00fcemes<\/strong>, subray\u00f3 que es una pol\u00edtica del Gobierno provincial acompa\u00f1ar el avance tecnol\u00f3gico para que todos los agentes cuenten con herramientas que optimicen su desempe\u00f1o laboral.<\/p>\n\n\n\n<p>En tanto, el director de Innovaci\u00f3n Digital, Daniel Isa, explic\u00f3 que el taller abord\u00f3 el uso pr\u00e1ctico de la IA en tareas administrativas como la redacci\u00f3n de notas, oficios, res\u00famenes y el an\u00e1lisis de expedientes. \u201cLa inteligencia artificial permite ahorrar tiempo y mejorar la calidad del trabajo\u201d, afirm\u00f3.<\/p>\n\n\n\n<p>La formaci\u00f3n continuar\u00e1 el lunes 2 de marzo con el personal de la Secretar\u00eda de Justicia, ampliando el alcance de esta pol\u00edtica que busca consolidar un Estado m\u00e1s \u00e1gil, moderno y eficiente al servicio de la comunidad.<\/p>\n\n\n\n<h3 class=\"wp-block-heading has-text-align-center\">Galer\u00eda de Fotos<\/h3>\n\n\n\n<figure class=\"wp-block-gallery has-nested-images columns-default is-cropped wp-block-gallery-1 is-layout-flex wp-block-gallery-is-layout-flex\">\n<figure class=\"wp-block-image size-large\"><img loading=\"lazy\" decoding=\"async\" width=\"560\" height=\"315\" data-id=\"4931\" src=\"https:\/\/spps.gob.ar\/wp-content\/uploads\/2026\/03\/image-35.png\" alt=\"\" class=\"wp-image-4931\" srcset=\"https:\/\/spps.gob.ar\/wp-content\/uploads\/2026\/03\/image-35.png 560w, https:\/\/spps.gob.ar\/wp-content\/uploads\/2026\/03\/image-35-300x169.png 300w\" sizes=\"auto, (max-width: 560px) 100vw, 560px\" \/><\/figure>\n\n\n\n<figure class=\"wp-block-image size-large\"><img loading=\"lazy\" decoding=\"async\" width=\"1024\" height=\"576\" data-id=\"4930\" src=\"https:\/\/spps.gob.ar\/wp-content\/uploads\/2026\/03\/image-34-1024x576.png\" alt=\"\" class=\"wp-image-4930\" srcset=\"https:\/\/spps.gob.ar\/wp-content\/uploads\/2026\/03\/image-34-1024x576.png 1024w, https:\/\/spps.gob.ar\/wp-content\/uploads\/2026\/03\/image-34-300x169.png 300w, https:\/\/spps.gob.ar\/wp-content\/uploads\/2026\/03\/image-34-768x432.png 768w, https:\/\/spps.gob.ar\/wp-content\/uploads\/2026\/03\/image-34.png 1066w\" sizes=\"auto, (max-width: 1024px) 100vw, 1024px\" \/><\/figure>\n<\/figure>\n\n\n\n<p class=\"has-text-align-center\"><\/p>\n\n\n\n<p class=\"has-text-align-center\"><\/p>\n","protected":false},"excerpt":{"rendered":"<p>La capacitaci\u00f3n comenz\u00f3 con el personal penitenciario y continuar\u00e1 el lunes 2 de marzo con agentes de la Secretar\u00eda de [&hellip;]<\/p>\n","protected":false},"author":8,"featured_media":4929,"comment_status":"closed","ping_status":"closed","sticky":false,"template":"","format":"standard","meta":{"_uag_custom_page_level_css":"","site-sidebar-layout":"default","site-content-layout":"","ast-site-content-layout":"default","site-content-style":"default","site-sidebar-style":"default","ast-global-header-display":"","ast-banner-title-visibility":"","ast-main-header-display":"","ast-hfb-above-header-display":"","ast-hfb-below-header-display":"","ast-hfb-mobile-header-display":"","site-post-title":"","ast-breadcrumbs-content":"","ast-featured-img":"","footer-sml-layout":"","ast-disable-related-posts":"","theme-transparent-header-meta":"","adv-header-id-meta":"","stick-header-meta":"","header-above-stick-meta":"","header-main-stick-meta":"","header-below-stick-meta":"","astra-migrate-meta-layouts":"default","ast-page-background-enabled":"default","ast-page-background-meta":{"desktop":{"background-color":"var(--ast-global-color-4)","background-image":"","background-repeat":"repeat","background-position":"center center","background-size":"auto","background-attachment":"scroll","background-type":"","background-media":"","overlay-type":"","overlay-color":"","overlay-opacity":"","overlay-gradient":""},"tablet":{"background-color":"","background-image":"","background-repeat":"repeat","background-position":"center center","background-size":"auto","background-attachment":"scroll","background-type":"","background-media":"","overlay-type":"","overlay-color":"","overlay-opacity":"","overlay-gradient":""},"mobile":{"background-color":"","background-image":"","background-repeat":"repeat","background-position":"center center","background-size":"auto","background-attachment":"scroll","background-type":"","background-media":"","overlay-type":"","overlay-color":"","overlay-opacity":"","overlay-gradient":""}},"ast-content-background-meta":{"desktop":{"background-color":"var(--ast-global-color-5)","background-image":"","background-repeat":"repeat","background-position":"center center","background-size":"auto","background-attachment":"scroll","background-type":"","background-media":"","overlay-type":"","overlay-color":"","overlay-opacity":"","overlay-gradient":""},"tablet":{"background-color":"var(--ast-global-color-5)","background-image":"","background-repeat":"repeat","background-position":"center center","background-size":"auto","background-attachment":"scroll","background-type":"","background-media":"","overlay-type":"","overlay-color":"","overlay-opacity":"","overlay-gradient":""},"mobile":{"background-color":"var(--ast-global-color-5)","background-image":"","background-repeat":"repeat","background-position":"center center","background-size":"auto","background-attachment":"scroll","background-type":"","background-media":"","overlay-type":"","overlay-color":"","overlay-opacity":"","overlay-gradient":""}},"footnotes":""},"categories":[1],"tags":[],"class_list":["post-4928","post","type-post","status-publish","format-standard","has-post-thumbnail","hentry","category-sin-categoria"],"uagb_featured_image_src":{"full":["https:\/\/spps.gob.ar\/wp-content\/uploads\/2026\/03\/image-33.png",560,315,false],"thumbnail":["https:\/\/spps.gob.ar\/wp-content\/uploads\/2026\/03\/image-33-150x150.png",150,150,true],"medium":["https:\/\/spps.gob.ar\/wp-content\/uploads\/2026\/03\/image-33-300x169.png",300,169,true],"medium_large":["https:\/\/spps.gob.ar\/wp-content\/uploads\/2026\/03\/image-33.png",560,315,false],"large":["https:\/\/spps.gob.ar\/wp-content\/uploads\/2026\/03\/image-33.png",560,315,false],"1536x1536":["https:\/\/spps.gob.ar\/wp-content\/uploads\/2026\/03\/image-33.png",560,315,false],"2048x2048":["https:\/\/spps.gob.ar\/wp-content\/uploads\/2026\/03\/image-33.png",560,315,false]},"uagb_author_info":{"display_name":"Ceremonial","author_link":"https:\/\/spps.gob.ar\/?author=8"},"uagb_comment_info":0,"uagb_excerpt":"La capacitaci\u00f3n comenz\u00f3 con el personal penitenciario y continuar\u00e1 el lunes 2 de marzo con agentes de la Secretar\u00eda de [&hellip;]","_links":{"self":[{"href":"https:\/\/spps.gob.ar\/index.php?rest_route=\/wp\/v2\/posts\/4928","targetHints":{"allow":["GET"]}}],"collection":[{"href":"https:\/\/spps.gob.ar\/index.php?rest_route=\/wp\/v2\/posts"}],"about":[{"href":"https:\/\/spps.gob.ar\/index.php?rest_route=\/wp\/v2\/types\/post"}],"author":[{"embeddable":true,"href":"https:\/\/spps.gob.ar\/index.php?rest_route=\/wp\/v2\/users\/8"}],"replies":[{"embeddable":true,"href":"https:\/\/spps.gob.ar\/index.php?rest_route=%2Fwp%2Fv2%2Fcomments&post=4928"}],"version-history":[{"count":1,"href":"https:\/\/spps.gob.ar\/index.php?rest_route=\/wp\/v2\/posts\/4928\/revisions"}],"predecessor-version":[{"id":4932,"href":"https:\/\/spps.gob.ar\/index.php?rest_route=\/wp\/v2\/posts\/4928\/revisions\/4932"}],"wp:featuredmedia":[{"embeddable":true,"href":"https:\/\/spps.gob.ar\/index.php?rest_route=\/wp\/v2\/media\/4929"}],"wp:attachment":[{"href":"https:\/\/spps.gob.ar\/index.php?rest_route=%2Fwp%2Fv2%2Fmedia&parent=4928"}],"wp:term":[{"taxonomy":"category","embeddable":true,"href":"https:\/\/spps.gob.ar\/index.php?rest_route=%2Fwp%2Fv2%2Fcategories&post=4928"},{"taxonomy":"post_tag","embeddable":true,"href":"https:\/\/spps.gob.ar\/index.php?rest_route=%2Fwp%2Fv2%2Ftags&post=4928"}],"curies":[{"name":"wp","href":"https:\/\/api.w.org\/{rel}","templated":true}]}}