{"id":4920,"date":"2026-02-25T11:46:33","date_gmt":"2026-02-25T14:46:33","guid":{"rendered":"https:\/\/spps.gob.ar\/?p=4920"},"modified":"2026-03-14T12:01:33","modified_gmt":"2026-03-14T15:01:33","slug":"el-servicio-penitenciario-celebro-su-85-aniversario-reafirmando-su-funcion-en-la-politica-de-seguridad-y-justicia-de-la-provincia","status":"publish","type":"post","link":"https:\/\/spps.gob.ar\/?p=4920","title":{"rendered":"El Servicio Penitenciario celebr\u00f3 su 85\u00b0 Aniversario reafirmando su funci\u00f3n en la pol\u00edtica de Seguridad y Justicia de la Provincia"},"content":{"rendered":"\n<figure class=\"wp-block-image alignright size-large is-resized\"><img loading=\"lazy\" decoding=\"async\" width=\"1024\" height=\"576\" src=\"https:\/\/spps.gob.ar\/wp-content\/uploads\/2026\/03\/image-27-1024x576.png\" alt=\"\" class=\"wp-image-4921\" style=\"width:505px;height:auto\" srcset=\"https:\/\/spps.gob.ar\/wp-content\/uploads\/2026\/03\/image-27-1024x576.png 1024w, https:\/\/spps.gob.ar\/wp-content\/uploads\/2026\/03\/image-27-300x169.png 300w, https:\/\/spps.gob.ar\/wp-content\/uploads\/2026\/03\/image-27-768x432.png 768w, https:\/\/spps.gob.ar\/wp-content\/uploads\/2026\/03\/image-27.png 1066w\" sizes=\"auto, (max-width: 1024px) 100vw, 1024px\" \/><\/figure>\n\n\n\n<p>La instituci\u00f3n reafirm\u00f3 su misi\u00f3n de promover un modelo penitenciario profesional, orientado a la transformaci\u00f3n y la inclusi\u00f3n social de las personas privadas de libertad.<\/p>\n\n\n\n<p>En el marco de su 85\u00b0 aniversario, el Servicio Penitenciario de Salta conmemor\u00f3 un nuevo a\u00f1o de vida institucional con un acto central, realizado en la explanada del Cabildo Hist\u00f3rico. La ceremonia fue presidida por el ministro de Gobierno y Justicia,&nbsp;<strong>Ignacio Jars\u00fan Lam\u00f3naca,<\/strong>&nbsp;el secretario de Justicia y Derechos Humanos,&nbsp;<strong>Javier M\u00f3nico<\/strong>, y el director general del organismo, Enrique Daniel Torres.<\/p>\n\n\n\n<p>Durante la jornada se desarroll\u00f3 el tradicional desfile institucional y se entregaron reconocimientos a autoridades y agentes destacados por su compromiso y trayectoria. Cabe recordar que el Servicio Penitenciario fue creado el 20 de febrero de 1941 y que en 2026 celebra ocho d\u00e9cadas y media de labor ininterrumpida al servicio de la seguridad y la justicia provincial.<\/p>\n\n\n\n<p>En ese marco, tanto el Secretario de Justicia como el Director General tomaron la palabra durante el acto central, donde compartieron reflexiones sobre el presente y los desaf\u00edos del sistema penitenciario provincial.<\/p>\n\n\n\n<p>En su mensaje, M\u00f3nico subray\u00f3 que la funci\u00f3n penitenciaria no se limita a la custodia, sino que implica garantizar seguridad a la sociedad preservando, al mismo tiempo, la dignidad humana de quienes cumplen una condena. Adem\u00e1s, remarc\u00f3 que la pol\u00edtica debe enfocarse en la reducci\u00f3n de la reincidencia y en generar oportunidades reales de reinserci\u00f3n. En ese sentido, asegur\u00f3 que fortalecer el sistema penitenciario no solo implica invertir en infraestructura y tecnolog\u00eda, sino tambi\u00e9n en capacitaci\u00f3n, carrera profesional, liderazgo y cuidado integral del personal, destacando la exigencia emocional que conlleva la tarea diaria.<\/p>\n\n\n\n<figure class=\"wp-block-image aligncenter size-large is-resized\"><img loading=\"lazy\" decoding=\"async\" width=\"1024\" height=\"576\" src=\"https:\/\/spps.gob.ar\/wp-content\/uploads\/2026\/03\/image-28-1024x576.png\" alt=\"\" class=\"wp-image-4922\" style=\"width:786px;height:auto\" srcset=\"https:\/\/spps.gob.ar\/wp-content\/uploads\/2026\/03\/image-28-1024x576.png 1024w, https:\/\/spps.gob.ar\/wp-content\/uploads\/2026\/03\/image-28-300x169.png 300w, https:\/\/spps.gob.ar\/wp-content\/uploads\/2026\/03\/image-28-768x432.png 768w, https:\/\/spps.gob.ar\/wp-content\/uploads\/2026\/03\/image-28.png 1066w\" sizes=\"auto, (max-width: 1024px) 100vw, 1024px\" \/><\/figure>\n\n\n\n<p>Por su parte, el director general del Servicio Penitenciario, Enrique Daniel Torres, realiz\u00f3 un repaso hist\u00f3rico desde su creaci\u00f3n en 1941, cuando fue concebido no solo como un espacio de custodia, sino como un establecimiento de aprendizaje, trabajo y generaci\u00f3n de oportunidades. Asimismo, destac\u00f3 el compromiso del personal penitenciario y la importancia de consolidar un modelo de gesti\u00f3n profesional y moderno, orientado a la seguridad y a la reinserci\u00f3n social.<\/p>\n\n\n\n<p>Actualmente, la instituci\u00f3n cuenta con 14 establecimientos penitenciarios entre unidades operativas, productivas y alcaid\u00edas distribuidas en toda la provincia, adem\u00e1s de una unidad de arresto domiciliario con monitoreo electr\u00f3nico. En total, 4.075 personas se encuentran bajo custodia y supervisi\u00f3n del organismo.<\/p>\n\n\n\n<p>Torres destac\u00f3 avances en infraestructura y equipamiento, como la ampliaci\u00f3n de la Alcaid\u00eda General en Capital con un m\u00f3dulo para detenidas, la implementaci\u00f3n de sistemas modulares en el interior para descomprimir la sobrepoblaci\u00f3n, la incorporaci\u00f3n de equipamiento inform\u00e1tico en el marco del sistema de gesti\u00f3n judicial, la puesta en funcionamiento de salas de videovigilancia, la adquisici\u00f3n de equipos de protecci\u00f3n personal, la inauguraci\u00f3n del servicio de alimentaci\u00f3n penal en la Granja Penal Santa Teresita, y la instalaci\u00f3n de un esc\u00e1ner de rayos X en la Unidad Penal N\u00b0 1 para reforzar los controles de ingreso.<\/p>\n\n\n\n<h3 class=\"wp-block-heading has-text-align-center\">Galer\u00eda de Fotos<\/h3>\n\n\n\n<figure class=\"wp-block-gallery has-nested-images columns-default is-cropped wp-block-gallery-1 is-layout-flex wp-block-gallery-is-layout-flex\">\n<figure class=\"wp-block-image size-large\"><img loading=\"lazy\" decoding=\"async\" width=\"560\" height=\"315\" data-id=\"4926\" src=\"https:\/\/spps.gob.ar\/wp-content\/uploads\/2026\/03\/image-32.png\" alt=\"\" class=\"wp-image-4926\" srcset=\"https:\/\/spps.gob.ar\/wp-content\/uploads\/2026\/03\/image-32.png 560w, https:\/\/spps.gob.ar\/wp-content\/uploads\/2026\/03\/image-32-300x169.png 300w\" sizes=\"auto, (max-width: 560px) 100vw, 560px\" \/><\/figure>\n\n\n\n<figure class=\"wp-block-image size-large\"><img loading=\"lazy\" decoding=\"async\" width=\"560\" height=\"315\" data-id=\"4925\" src=\"https:\/\/spps.gob.ar\/wp-content\/uploads\/2026\/03\/image-31.png\" alt=\"\" class=\"wp-image-4925\" srcset=\"https:\/\/spps.gob.ar\/wp-content\/uploads\/2026\/03\/image-31.png 560w, https:\/\/spps.gob.ar\/wp-content\/uploads\/2026\/03\/image-31-300x169.png 300w\" sizes=\"auto, (max-width: 560px) 100vw, 560px\" \/><\/figure>\n\n\n\n<figure class=\"wp-block-image size-large\"><img loading=\"lazy\" decoding=\"async\" width=\"560\" height=\"315\" data-id=\"4924\" src=\"https:\/\/spps.gob.ar\/wp-content\/uploads\/2026\/03\/image-30.png\" alt=\"\" class=\"wp-image-4924\" srcset=\"https:\/\/spps.gob.ar\/wp-content\/uploads\/2026\/03\/image-30.png 560w, https:\/\/spps.gob.ar\/wp-content\/uploads\/2026\/03\/image-30-300x169.png 300w\" sizes=\"auto, (max-width: 560px) 100vw, 560px\" \/><\/figure>\n\n\n\n<figure class=\"wp-block-image size-large\"><img loading=\"lazy\" decoding=\"async\" width=\"560\" height=\"315\" data-id=\"4923\" src=\"https:\/\/spps.gob.ar\/wp-content\/uploads\/2026\/03\/image-29.png\" alt=\"\" class=\"wp-image-4923\" srcset=\"https:\/\/spps.gob.ar\/wp-content\/uploads\/2026\/03\/image-29.png 560w, https:\/\/spps.gob.ar\/wp-content\/uploads\/2026\/03\/image-29-300x169.png 300w\" sizes=\"auto, (max-width: 560px) 100vw, 560px\" \/><\/figure>\n<\/figure>\n","protected":false},"excerpt":{"rendered":"<p>La instituci\u00f3n reafirm\u00f3 su misi\u00f3n de promover un modelo penitenciario profesional, orientado a la transformaci\u00f3n y la inclusi\u00f3n social de [&hellip;]<\/p>\n","protected":false},"author":8,"featured_media":4923,"comment_status":"closed","ping_status":"closed","sticky":false,"template":"","format":"standard","meta":{"_uag_custom_page_level_css":"","site-sidebar-layout":"default","site-content-layout":"","ast-site-content-layout":"default","site-content-style":"default","site-sidebar-style":"default","ast-global-header-display":"","ast-banner-title-visibility":"","ast-main-header-display":"","ast-hfb-above-header-display":"","ast-hfb-below-header-display":"","ast-hfb-mobile-header-display":"","site-post-title":"","ast-breadcrumbs-content":"","ast-featured-img":"","footer-sml-layout":"","ast-disable-related-posts":"","theme-transparent-header-meta":"","adv-header-id-meta":"","stick-header-meta":"","header-above-stick-meta":"","header-main-stick-meta":"","header-below-stick-meta":"","astra-migrate-meta-layouts":"default","ast-page-background-enabled":"default","ast-page-background-meta":{"desktop":{"background-color":"var(--ast-global-color-4)","background-image":"","background-repeat":"repeat","background-position":"center center","background-size":"auto","background-attachment":"scroll","background-type":"","background-media":"","overlay-type":"","overlay-color":"","overlay-opacity":"","overlay-gradient":""},"tablet":{"background-color":"","background-image":"","background-repeat":"repeat","background-position":"center center","background-size":"auto","background-attachment":"scroll","background-type":"","background-media":"","overlay-type":"","overlay-color":"","overlay-opacity":"","overlay-gradient":""},"mobile":{"background-color":"","background-image":"","background-repeat":"repeat","background-position":"center center","background-size":"auto","background-attachment":"scroll","background-type":"","background-media":"","overlay-type":"","overlay-color":"","overlay-opacity":"","overlay-gradient":""}},"ast-content-background-meta":{"desktop":{"background-color":"var(--ast-global-color-5)","background-image":"","background-repeat":"repeat","background-position":"center center","background-size":"auto","background-attachment":"scroll","background-type":"","background-media":"","overlay-type":"","overlay-color":"","overlay-opacity":"","overlay-gradient":""},"tablet":{"background-color":"var(--ast-global-color-5)","background-image":"","background-repeat":"repeat","background-position":"center center","background-size":"auto","background-attachment":"scroll","background-type":"","background-media":"","overlay-type":"","overlay-color":"","overlay-opacity":"","overlay-gradient":""},"mobile":{"background-color":"var(--ast-global-color-5)","background-image":"","background-repeat":"repeat","background-position":"center center","background-size":"auto","background-attachment":"scroll","background-type":"","background-media":"","overlay-type":"","overlay-color":"","overlay-opacity":"","overlay-gradient":""}},"footnotes":""},"categories":[1],"tags":[],"class_list":["post-4920","post","type-post","status-publish","format-standard","has-post-thumbnail","hentry","category-sin-categoria"],"uagb_featured_image_src":{"full":["https:\/\/spps.gob.ar\/wp-content\/uploads\/2026\/03\/image-29.png",560,315,false],"thumbnail":["https:\/\/spps.gob.ar\/wp-content\/uploads\/2026\/03\/image-29-150x150.png",150,150,true],"medium":["https:\/\/spps.gob.ar\/wp-content\/uploads\/2026\/03\/image-29-300x169.png",300,169,true],"medium_large":["https:\/\/spps.gob.ar\/wp-content\/uploads\/2026\/03\/image-29.png",560,315,false],"large":["https:\/\/spps.gob.ar\/wp-content\/uploads\/2026\/03\/image-29.png",560,315,false],"1536x1536":["https:\/\/spps.gob.ar\/wp-content\/uploads\/2026\/03\/image-29.png",560,315,false],"2048x2048":["https:\/\/spps.gob.ar\/wp-content\/uploads\/2026\/03\/image-29.png",560,315,false]},"uagb_author_info":{"display_name":"Ceremonial","author_link":"https:\/\/spps.gob.ar\/?author=8"},"uagb_comment_info":0,"uagb_excerpt":"La instituci\u00f3n reafirm\u00f3 su misi\u00f3n de promover un modelo penitenciario profesional, orientado a la transformaci\u00f3n y la inclusi\u00f3n social de [&hellip;]","_links":{"self":[{"href":"https:\/\/spps.gob.ar\/index.php?rest_route=\/wp\/v2\/posts\/4920","targetHints":{"allow":["GET"]}}],"collection":[{"href":"https:\/\/spps.gob.ar\/index.php?rest_route=\/wp\/v2\/posts"}],"about":[{"href":"https:\/\/spps.gob.ar\/index.php?rest_route=\/wp\/v2\/types\/post"}],"author":[{"embeddable":true,"href":"https:\/\/spps.gob.ar\/index.php?rest_route=\/wp\/v2\/users\/8"}],"replies":[{"embeddable":true,"href":"https:\/\/spps.gob.ar\/index.php?rest_route=%2Fwp%2Fv2%2Fcomments&post=4920"}],"version-history":[{"count":1,"href":"https:\/\/spps.gob.ar\/index.php?rest_route=\/wp\/v2\/posts\/4920\/revisions"}],"predecessor-version":[{"id":4927,"href":"https:\/\/spps.gob.ar\/index.php?rest_route=\/wp\/v2\/posts\/4920\/revisions\/4927"}],"wp:featuredmedia":[{"embeddable":true,"href":"https:\/\/spps.gob.ar\/index.php?rest_route=\/wp\/v2\/media\/4923"}],"wp:attachment":[{"href":"https:\/\/spps.gob.ar\/index.php?rest_route=%2Fwp%2Fv2%2Fmedia&parent=4920"}],"wp:term":[{"taxonomy":"category","embeddable":true,"href":"https:\/\/spps.gob.ar\/index.php?rest_route=%2Fwp%2Fv2%2Fcategories&post=4920"},{"taxonomy":"post_tag","embeddable":true,"href":"https:\/\/spps.gob.ar\/index.php?rest_route=%2Fwp%2Fv2%2Ftags&post=4920"}],"curies":[{"name":"wp","href":"https:\/\/api.w.org\/{rel}","templated":true}]}}