{"id":4914,"date":"2026-02-11T11:43:43","date_gmt":"2026-02-11T14:43:43","guid":{"rendered":"https:\/\/spps.gob.ar\/?p=4914"},"modified":"2026-03-14T11:59:56","modified_gmt":"2026-03-14T14:59:56","slug":"el-servicio-penitenciario-realizara-una-nueva-exposicion-y-venta-de-productos-elaborados-en-los-talleres-de-laborterapia","status":"publish","type":"post","link":"https:\/\/spps.gob.ar\/?p=4914","title":{"rendered":"El Servicio Penitenciario realizar\u00e1 una nueva exposici\u00f3n y venta de productos elaborados en los talleres de Laborterapia"},"content":{"rendered":"\n<figure class=\"wp-block-image alignright\"><a href=\"https:\/\/www.salta.gob.ar\/public\/images\/noticias\/106277-el-servicio-penitenciario-realizara-una-nueva-exposicion-y-venta-de-productos-elaborados-en-los-talleres-de-laborterapia.webp\"><img decoding=\"async\" src=\"https:\/\/www.salta.gob.ar\/public\/images\/noticias\/thumbs\/106277-el-servicio-penitenciario-realizara-una-nueva-exposicion-y-venta-de-productos-elaborados-en-los-talleres-de-laborterapia.webp\" alt=\"El Servicio Penitenciario realizar\u00e1 una nueva exposici\u00f3n y venta de productos elaborados en los talleres de Laborterapia\"\/><\/a><\/figure>\n\n\n\n<p>En el marco de los 85 a\u00f1os de la creaci\u00f3n del Servicio Penitenciario de Salta, la instituci\u00f3n llevar\u00e1 adelante una exposici\u00f3n y venta de productos elaborados en los talleres de Laborterapia, los d\u00edas 12 y 13 del corriente mes, de 8 a 20 horas, en el Sal\u00f3n de Exposici\u00f3n y Venta ubicado en avenida Hip\u00f3lito Yrigoyen 821, en Villa Las Rosas.<\/p>\n\n\n\n<p>Durante ambas jornadas, el p\u00fablico podr\u00e1 conocer y adquirir art\u00edculos confeccionados por personas privadas de libertad que participan en los espacios de capacitaci\u00f3n laboral. Entre los rubros que se destacar\u00e1n se encuentran carpinter\u00eda, herrer\u00eda, orfebrer\u00eda, luther\u00eda, mimbrer\u00eda y tapicer\u00eda, adem\u00e1s de trabajos en talabarter\u00eda y encuadernaci\u00f3n.<\/p>\n\n\n\n<p>La propuesta tiene como objetivo poner en valor el trabajo, el esfuerzo y la formaci\u00f3n que desarrollan los internos, promoviendo herramientas concretas para su reinserci\u00f3n social. Desde la instituci\u00f3n se\u00f1alaron que los compradores podr\u00e1n abonar con tarjetas bancarias en hasta tres cuotas sin inter\u00e9s o acceder a un descuento del 5% por pago en efectivo.<\/p>\n\n\n\n<p>Asimismo, la invitaci\u00f3n se extender\u00e1 a los d\u00edas 18 y 19, cuando la exposici\u00f3n se trasladar\u00e1 a la Casa de la Cultura, con el fin de ampliar el alcance de la propuesta.<\/p>\n\n\n\n<p>Cabe recordar que el&nbsp;<strong>Servicio Penitenciario de Salta<\/strong>&nbsp;fue creado el 20 de febrero de 1941 y en 2026 celebra su 85\u00b0 aniversario, reafirmando su compromiso con la reinserci\u00f3n social de las personas privadas de libertad, a trav\u00e9s del tratamiento penitenciario, la formaci\u00f3n laboral y la educaci\u00f3n.<\/p>\n\n\n\n<h3 class=\"wp-block-heading has-text-align-center\">Galer\u00eda de Fotos<\/h3>\n\n\n\n<figure class=\"wp-block-gallery has-nested-images columns-default is-cropped wp-block-gallery-1 is-layout-flex wp-block-gallery-is-layout-flex\">\n<figure class=\"wp-block-image size-large\"><img loading=\"lazy\" decoding=\"async\" width=\"560\" height=\"313\" data-id=\"4918\" src=\"https:\/\/spps.gob.ar\/wp-content\/uploads\/2026\/03\/image-26.png\" alt=\"\" class=\"wp-image-4918\" srcset=\"https:\/\/spps.gob.ar\/wp-content\/uploads\/2026\/03\/image-26.png 560w, https:\/\/spps.gob.ar\/wp-content\/uploads\/2026\/03\/image-26-300x168.png 300w\" sizes=\"auto, (max-width: 560px) 100vw, 560px\" \/><\/figure>\n\n\n\n<figure class=\"wp-block-image size-large\"><img loading=\"lazy\" decoding=\"async\" width=\"560\" height=\"313\" data-id=\"4917\" src=\"https:\/\/spps.gob.ar\/wp-content\/uploads\/2026\/03\/image-25.png\" alt=\"\" class=\"wp-image-4917\" srcset=\"https:\/\/spps.gob.ar\/wp-content\/uploads\/2026\/03\/image-25.png 560w, https:\/\/spps.gob.ar\/wp-content\/uploads\/2026\/03\/image-25-300x168.png 300w\" sizes=\"auto, (max-width: 560px) 100vw, 560px\" \/><\/figure>\n\n\n\n<figure class=\"wp-block-image size-large\"><img loading=\"lazy\" decoding=\"async\" width=\"560\" height=\"313\" data-id=\"4916\" src=\"https:\/\/spps.gob.ar\/wp-content\/uploads\/2026\/03\/image-24.png\" alt=\"\" class=\"wp-image-4916\" srcset=\"https:\/\/spps.gob.ar\/wp-content\/uploads\/2026\/03\/image-24.png 560w, https:\/\/spps.gob.ar\/wp-content\/uploads\/2026\/03\/image-24-300x168.png 300w\" sizes=\"auto, (max-width: 560px) 100vw, 560px\" \/><\/figure>\n\n\n\n<figure class=\"wp-block-image size-large\"><img loading=\"lazy\" decoding=\"async\" width=\"560\" height=\"313\" data-id=\"4915\" src=\"https:\/\/spps.gob.ar\/wp-content\/uploads\/2026\/03\/image-23.png\" alt=\"\" class=\"wp-image-4915\" srcset=\"https:\/\/spps.gob.ar\/wp-content\/uploads\/2026\/03\/image-23.png 560w, https:\/\/spps.gob.ar\/wp-content\/uploads\/2026\/03\/image-23-300x168.png 300w\" sizes=\"auto, (max-width: 560px) 100vw, 560px\" \/><\/figure>\n<\/figure>\n","protected":false},"excerpt":{"rendered":"<p>En el marco de los 85 a\u00f1os de la creaci\u00f3n del Servicio Penitenciario de Salta, la instituci\u00f3n llevar\u00e1 adelante una [&hellip;]<\/p>\n","protected":false},"author":8,"featured_media":4916,"comment_status":"closed","ping_status":"closed","sticky":false,"template":"","format":"standard","meta":{"_uag_custom_page_level_css":"","site-sidebar-layout":"default","site-content-layout":"","ast-site-content-layout":"default","site-content-style":"default","site-sidebar-style":"default","ast-global-header-display":"","ast-banner-title-visibility":"","ast-main-header-display":"","ast-hfb-above-header-display":"","ast-hfb-below-header-display":"","ast-hfb-mobile-header-display":"","site-post-title":"","ast-breadcrumbs-content":"","ast-featured-img":"","footer-sml-layout":"","ast-disable-related-posts":"","theme-transparent-header-meta":"","adv-header-id-meta":"","stick-header-meta":"","header-above-stick-meta":"","header-main-stick-meta":"","header-below-stick-meta":"","astra-migrate-meta-layouts":"default","ast-page-background-enabled":"default","ast-page-background-meta":{"desktop":{"background-color":"var(--ast-global-color-4)","background-image":"","background-repeat":"repeat","background-position":"center center","background-size":"auto","background-attachment":"scroll","background-type":"","background-media":"","overlay-type":"","overlay-color":"","overlay-opacity":"","overlay-gradient":""},"tablet":{"background-color":"","background-image":"","background-repeat":"repeat","background-position":"center center","background-size":"auto","background-attachment":"scroll","background-type":"","background-media":"","overlay-type":"","overlay-color":"","overlay-opacity":"","overlay-gradient":""},"mobile":{"background-color":"","background-image":"","background-repeat":"repeat","background-position":"center center","background-size":"auto","background-attachment":"scroll","background-type":"","background-media":"","overlay-type":"","overlay-color":"","overlay-opacity":"","overlay-gradient":""}},"ast-content-background-meta":{"desktop":{"background-color":"var(--ast-global-color-5)","background-image":"","background-repeat":"repeat","background-position":"center center","background-size":"auto","background-attachment":"scroll","background-type":"","background-media":"","overlay-type":"","overlay-color":"","overlay-opacity":"","overlay-gradient":""},"tablet":{"background-color":"var(--ast-global-color-5)","background-image":"","background-repeat":"repeat","background-position":"center center","background-size":"auto","background-attachment":"scroll","background-type":"","background-media":"","overlay-type":"","overlay-color":"","overlay-opacity":"","overlay-gradient":""},"mobile":{"background-color":"var(--ast-global-color-5)","background-image":"","background-repeat":"repeat","background-position":"center center","background-size":"auto","background-attachment":"scroll","background-type":"","background-media":"","overlay-type":"","overlay-color":"","overlay-opacity":"","overlay-gradient":""}},"footnotes":""},"categories":[1],"tags":[],"class_list":["post-4914","post","type-post","status-publish","format-standard","has-post-thumbnail","hentry","category-sin-categoria"],"uagb_featured_image_src":{"full":["https:\/\/spps.gob.ar\/wp-content\/uploads\/2026\/03\/image-24.png",560,313,false],"thumbnail":["https:\/\/spps.gob.ar\/wp-content\/uploads\/2026\/03\/image-24-150x150.png",150,150,true],"medium":["https:\/\/spps.gob.ar\/wp-content\/uploads\/2026\/03\/image-24-300x168.png",300,168,true],"medium_large":["https:\/\/spps.gob.ar\/wp-content\/uploads\/2026\/03\/image-24.png",560,313,false],"large":["https:\/\/spps.gob.ar\/wp-content\/uploads\/2026\/03\/image-24.png",560,313,false],"1536x1536":["https:\/\/spps.gob.ar\/wp-content\/uploads\/2026\/03\/image-24.png",560,313,false],"2048x2048":["https:\/\/spps.gob.ar\/wp-content\/uploads\/2026\/03\/image-24.png",560,313,false]},"uagb_author_info":{"display_name":"Ceremonial","author_link":"https:\/\/spps.gob.ar\/?author=8"},"uagb_comment_info":0,"uagb_excerpt":"En el marco de los 85 a\u00f1os de la creaci\u00f3n del Servicio Penitenciario de Salta, la instituci\u00f3n llevar\u00e1 adelante una [&hellip;]","_links":{"self":[{"href":"https:\/\/spps.gob.ar\/index.php?rest_route=\/wp\/v2\/posts\/4914","targetHints":{"allow":["GET"]}}],"collection":[{"href":"https:\/\/spps.gob.ar\/index.php?rest_route=\/wp\/v2\/posts"}],"about":[{"href":"https:\/\/spps.gob.ar\/index.php?rest_route=\/wp\/v2\/types\/post"}],"author":[{"embeddable":true,"href":"https:\/\/spps.gob.ar\/index.php?rest_route=\/wp\/v2\/users\/8"}],"replies":[{"embeddable":true,"href":"https:\/\/spps.gob.ar\/index.php?rest_route=%2Fwp%2Fv2%2Fcomments&post=4914"}],"version-history":[{"count":1,"href":"https:\/\/spps.gob.ar\/index.php?rest_route=\/wp\/v2\/posts\/4914\/revisions"}],"predecessor-version":[{"id":4919,"href":"https:\/\/spps.gob.ar\/index.php?rest_route=\/wp\/v2\/posts\/4914\/revisions\/4919"}],"wp:featuredmedia":[{"embeddable":true,"href":"https:\/\/spps.gob.ar\/index.php?rest_route=\/wp\/v2\/media\/4916"}],"wp:attachment":[{"href":"https:\/\/spps.gob.ar\/index.php?rest_route=%2Fwp%2Fv2%2Fmedia&parent=4914"}],"wp:term":[{"taxonomy":"category","embeddable":true,"href":"https:\/\/spps.gob.ar\/index.php?rest_route=%2Fwp%2Fv2%2Fcategories&post=4914"},{"taxonomy":"post_tag","embeddable":true,"href":"https:\/\/spps.gob.ar\/index.php?rest_route=%2Fwp%2Fv2%2Ftags&post=4914"}],"curies":[{"name":"wp","href":"https:\/\/api.w.org\/{rel}","templated":true}]}}