{"id":4897,"date":"2026-01-23T11:36:19","date_gmt":"2026-01-23T14:36:19","guid":{"rendered":"https:\/\/spps.gob.ar\/?p=4897"},"modified":"2026-03-14T11:59:32","modified_gmt":"2026-03-14T14:59:32","slug":"mas-de-700-agentes-del-servicio-penitenciario-de-salta-fueron-ascendidos","status":"publish","type":"post","link":"https:\/\/spps.gob.ar\/?p=4897","title":{"rendered":"M\u00e1s de 700 agentes del Servicio Penitenciario de Salta fueron ascendidos"},"content":{"rendered":"\n<figure class=\"wp-block-image alignright size-full is-resized\"><img loading=\"lazy\" decoding=\"async\" width=\"560\" height=\"315\" src=\"https:\/\/spps.gob.ar\/wp-content\/uploads\/2026\/03\/image-14.png\" alt=\"\" class=\"wp-image-4898\" style=\"width:583px;height:auto\" srcset=\"https:\/\/spps.gob.ar\/wp-content\/uploads\/2026\/03\/image-14.png 560w, https:\/\/spps.gob.ar\/wp-content\/uploads\/2026\/03\/image-14-300x169.png 300w\" sizes=\"auto, (max-width: 560px) 100vw, 560px\" \/><\/figure>\n\n\n\n<p class=\"has-text-align-left\">El Gobierno provincial reconoci\u00f3 la trayectoria, el compromiso y la vocaci\u00f3n de servicio del personal penitenciario.<\/p>\n\n\n\n<p><\/p>\n\n\n\n<p><\/p>\n\n\n\n<p><\/p>\n\n\n\n<p><\/p>\n\n\n\n<p><\/p>\n\n\n\n<p><\/p>\n\n\n\n<p><\/p>\n\n\n\n<p class=\"has-text-align-left\">En un acto institucional, 714 integrantes del Servicio Penitenciario de la Provincia de Salta ascendieron al grado inmediato superior, en el marco del reconocimiento a la labor diaria y al compromiso sostenido del personal que integra el sistema penitenciario provincial.<\/p>\n\n\n\n<p class=\"has-text-align-left\">Del total de ascensos, 146 corresponden al escalaf\u00f3n de Oficiales y 568 al de Suboficiales, con la correspondiente entrega de insignias al personal jer\u00e1rquico y subalterno.<\/p>\n\n\n\n<p class=\"has-text-align-left\">La ceremonia fue encabezada por el secretario de Justicia y Derechos Humanos,&nbsp;<strong>Javier M\u00f3nico<\/strong>, junto al director general del Servicio Penitenciario de la Provincia,&nbsp;<strong>Enrique Daniel Torres,<\/strong>&nbsp;y se inscribi\u00f3 en las pol\u00edticas de fortalecimiento institucional y jerarquizaci\u00f3n de la carrera penitenciaria.<\/p>\n\n\n\n<p class=\"has-text-align-left\">Durante el acto, el secretario Javier M\u00f3nico felicit\u00f3 a los agentes ascendidos y destac\u00f3 el valor del trabajo que realiza el personal penitenciario, subrayando la responsabilidad, la formaci\u00f3n y la vocaci\u00f3n de servicio como pilares fundamentales para el funcionamiento del sistema y para dar respuesta a las demandas de la sociedad.<\/p>\n\n\n\n<p class=\"has-text-align-left\">Por su parte, el director general Enrique Daniel Torres puso en valor la trayectoria, el profesionalismo y la dedicaci\u00f3n del personal, remarcando que los ascensos constituyen un reconocimiento al esfuerzo cotidiano y al cumplimiento de los objetivos estrat\u00e9gicos de la instituci\u00f3n.<\/p>\n\n\n\n<p class=\"has-text-align-left\">Participaron del acto la subsecretaria de Justicia, Agustina Rizzoli, el director general de Pol\u00edticas Penales, Jorge Javier Salgado, la directora de Reg\u00edmenes Penales y Medidas Judiciales, Mar\u00eda Georgina Storniolo Pons, y la subdirectora general del Servicio Penitenciario, Valeria Romina Calisaya.<\/p>\n\n\n\n<figure class=\"wp-block-image aligncenter size-large is-resized\"><img loading=\"lazy\" decoding=\"async\" width=\"1024\" height=\"576\" src=\"https:\/\/spps.gob.ar\/wp-content\/uploads\/2026\/03\/image-15-1024x576.png\" alt=\"\" class=\"wp-image-4899\" style=\"width:517px;height:auto\" srcset=\"https:\/\/spps.gob.ar\/wp-content\/uploads\/2026\/03\/image-15-1024x576.png 1024w, https:\/\/spps.gob.ar\/wp-content\/uploads\/2026\/03\/image-15-300x169.png 300w, https:\/\/spps.gob.ar\/wp-content\/uploads\/2026\/03\/image-15-768x432.png 768w, https:\/\/spps.gob.ar\/wp-content\/uploads\/2026\/03\/image-15.png 1066w\" sizes=\"auto, (max-width: 1024px) 100vw, 1024px\" \/><\/figure>\n\n\n\n<p><\/p>\n\n\n\n<h3 class=\"wp-block-heading has-text-align-center\">Galer\u00eda de Fotos<\/h3>\n\n\n\n<figure class=\"wp-block-gallery has-nested-images columns-default is-cropped wp-block-gallery-1 is-layout-flex wp-block-gallery-is-layout-flex\">\n<figure class=\"wp-block-image size-large\"><img loading=\"lazy\" decoding=\"async\" width=\"1024\" height=\"576\" data-id=\"4906\" src=\"https:\/\/spps.gob.ar\/wp-content\/uploads\/2026\/03\/image-22-1024x576.png\" alt=\"\" class=\"wp-image-4906\" srcset=\"https:\/\/spps.gob.ar\/wp-content\/uploads\/2026\/03\/image-22-1024x576.png 1024w, https:\/\/spps.gob.ar\/wp-content\/uploads\/2026\/03\/image-22-300x169.png 300w, https:\/\/spps.gob.ar\/wp-content\/uploads\/2026\/03\/image-22-768x432.png 768w, https:\/\/spps.gob.ar\/wp-content\/uploads\/2026\/03\/image-22.png 1066w\" sizes=\"auto, (max-width: 1024px) 100vw, 1024px\" \/><\/figure>\n\n\n\n<figure class=\"wp-block-image size-large\"><img loading=\"lazy\" decoding=\"async\" width=\"560\" height=\"315\" data-id=\"4905\" src=\"https:\/\/spps.gob.ar\/wp-content\/uploads\/2026\/03\/image-21.png\" alt=\"\" class=\"wp-image-4905\" srcset=\"https:\/\/spps.gob.ar\/wp-content\/uploads\/2026\/03\/image-21.png 560w, https:\/\/spps.gob.ar\/wp-content\/uploads\/2026\/03\/image-21-300x169.png 300w\" sizes=\"auto, (max-width: 560px) 100vw, 560px\" \/><\/figure>\n\n\n\n<figure class=\"wp-block-image size-large\"><img loading=\"lazy\" decoding=\"async\" width=\"1024\" height=\"576\" data-id=\"4904\" src=\"https:\/\/spps.gob.ar\/wp-content\/uploads\/2026\/03\/image-20-1024x576.png\" alt=\"\" class=\"wp-image-4904\" srcset=\"https:\/\/spps.gob.ar\/wp-content\/uploads\/2026\/03\/image-20-1024x576.png 1024w, https:\/\/spps.gob.ar\/wp-content\/uploads\/2026\/03\/image-20-300x169.png 300w, https:\/\/spps.gob.ar\/wp-content\/uploads\/2026\/03\/image-20-768x432.png 768w, https:\/\/spps.gob.ar\/wp-content\/uploads\/2026\/03\/image-20.png 1066w\" sizes=\"auto, (max-width: 1024px) 100vw, 1024px\" \/><\/figure>\n\n\n\n<figure class=\"wp-block-image size-large\"><img loading=\"lazy\" decoding=\"async\" width=\"560\" height=\"315\" data-id=\"4903\" src=\"https:\/\/spps.gob.ar\/wp-content\/uploads\/2026\/03\/image-19.png\" alt=\"\" class=\"wp-image-4903\" srcset=\"https:\/\/spps.gob.ar\/wp-content\/uploads\/2026\/03\/image-19.png 560w, https:\/\/spps.gob.ar\/wp-content\/uploads\/2026\/03\/image-19-300x169.png 300w\" sizes=\"auto, (max-width: 560px) 100vw, 560px\" \/><\/figure>\n\n\n\n<figure class=\"wp-block-image size-large\"><img loading=\"lazy\" decoding=\"async\" width=\"560\" height=\"315\" data-id=\"4901\" src=\"https:\/\/spps.gob.ar\/wp-content\/uploads\/2026\/03\/image-17.png\" alt=\"\" class=\"wp-image-4901\" srcset=\"https:\/\/spps.gob.ar\/wp-content\/uploads\/2026\/03\/image-17.png 560w, https:\/\/spps.gob.ar\/wp-content\/uploads\/2026\/03\/image-17-300x169.png 300w\" sizes=\"auto, (max-width: 560px) 100vw, 560px\" \/><\/figure>\n<\/figure>\n","protected":false},"excerpt":{"rendered":"<p>El Gobierno provincial reconoci\u00f3 la trayectoria, el compromiso y la vocaci\u00f3n de servicio del personal penitenciario. En un acto institucional, [&hellip;]<\/p>\n","protected":false},"author":8,"featured_media":4901,"comment_status":"closed","ping_status":"closed","sticky":false,"template":"","format":"standard","meta":{"_uag_custom_page_level_css":"","site-sidebar-layout":"default","site-content-layout":"","ast-site-content-layout":"default","site-content-style":"default","site-sidebar-style":"default","ast-global-header-display":"","ast-banner-title-visibility":"","ast-main-header-display":"","ast-hfb-above-header-display":"","ast-hfb-below-header-display":"","ast-hfb-mobile-header-display":"","site-post-title":"","ast-breadcrumbs-content":"","ast-featured-img":"","footer-sml-layout":"","ast-disable-related-posts":"","theme-transparent-header-meta":"","adv-header-id-meta":"","stick-header-meta":"","header-above-stick-meta":"","header-main-stick-meta":"","header-below-stick-meta":"","astra-migrate-meta-layouts":"default","ast-page-background-enabled":"default","ast-page-background-meta":{"desktop":{"background-color":"var(--ast-global-color-4)","background-image":"","background-repeat":"repeat","background-position":"center center","background-size":"auto","background-attachment":"scroll","background-type":"","background-media":"","overlay-type":"","overlay-color":"","overlay-opacity":"","overlay-gradient":""},"tablet":{"background-color":"","background-image":"","background-repeat":"repeat","background-position":"center center","background-size":"auto","background-attachment":"scroll","background-type":"","background-media":"","overlay-type":"","overlay-color":"","overlay-opacity":"","overlay-gradient":""},"mobile":{"background-color":"","background-image":"","background-repeat":"repeat","background-position":"center center","background-size":"auto","background-attachment":"scroll","background-type":"","background-media":"","overlay-type":"","overlay-color":"","overlay-opacity":"","overlay-gradient":""}},"ast-content-background-meta":{"desktop":{"background-color":"var(--ast-global-color-5)","background-image":"","background-repeat":"repeat","background-position":"center center","background-size":"auto","background-attachment":"scroll","background-type":"","background-media":"","overlay-type":"","overlay-color":"","overlay-opacity":"","overlay-gradient":""},"tablet":{"background-color":"var(--ast-global-color-5)","background-image":"","background-repeat":"repeat","background-position":"center center","background-size":"auto","background-attachment":"scroll","background-type":"","background-media":"","overlay-type":"","overlay-color":"","overlay-opacity":"","overlay-gradient":""},"mobile":{"background-color":"var(--ast-global-color-5)","background-image":"","background-repeat":"repeat","background-position":"center center","background-size":"auto","background-attachment":"scroll","background-type":"","background-media":"","overlay-type":"","overlay-color":"","overlay-opacity":"","overlay-gradient":""}},"footnotes":""},"categories":[1],"tags":[],"class_list":["post-4897","post","type-post","status-publish","format-standard","has-post-thumbnail","hentry","category-sin-categoria"],"uagb_featured_image_src":{"full":["https:\/\/spps.gob.ar\/wp-content\/uploads\/2026\/03\/image-17.png",560,315,false],"thumbnail":["https:\/\/spps.gob.ar\/wp-content\/uploads\/2026\/03\/image-17-150x150.png",150,150,true],"medium":["https:\/\/spps.gob.ar\/wp-content\/uploads\/2026\/03\/image-17-300x169.png",300,169,true],"medium_large":["https:\/\/spps.gob.ar\/wp-content\/uploads\/2026\/03\/image-17.png",560,315,false],"large":["https:\/\/spps.gob.ar\/wp-content\/uploads\/2026\/03\/image-17.png",560,315,false],"1536x1536":["https:\/\/spps.gob.ar\/wp-content\/uploads\/2026\/03\/image-17.png",560,315,false],"2048x2048":["https:\/\/spps.gob.ar\/wp-content\/uploads\/2026\/03\/image-17.png",560,315,false]},"uagb_author_info":{"display_name":"Ceremonial","author_link":"https:\/\/spps.gob.ar\/?author=8"},"uagb_comment_info":0,"uagb_excerpt":"El Gobierno provincial reconoci\u00f3 la trayectoria, el compromiso y la vocaci\u00f3n de servicio del personal penitenciario. En un acto institucional, [&hellip;]","_links":{"self":[{"href":"https:\/\/spps.gob.ar\/index.php?rest_route=\/wp\/v2\/posts\/4897","targetHints":{"allow":["GET"]}}],"collection":[{"href":"https:\/\/spps.gob.ar\/index.php?rest_route=\/wp\/v2\/posts"}],"about":[{"href":"https:\/\/spps.gob.ar\/index.php?rest_route=\/wp\/v2\/types\/post"}],"author":[{"embeddable":true,"href":"https:\/\/spps.gob.ar\/index.php?rest_route=\/wp\/v2\/users\/8"}],"replies":[{"embeddable":true,"href":"https:\/\/spps.gob.ar\/index.php?rest_route=%2Fwp%2Fv2%2Fcomments&post=4897"}],"version-history":[{"count":7,"href":"https:\/\/spps.gob.ar\/index.php?rest_route=\/wp\/v2\/posts\/4897\/revisions"}],"predecessor-version":[{"id":4913,"href":"https:\/\/spps.gob.ar\/index.php?rest_route=\/wp\/v2\/posts\/4897\/revisions\/4913"}],"wp:featuredmedia":[{"embeddable":true,"href":"https:\/\/spps.gob.ar\/index.php?rest_route=\/wp\/v2\/media\/4901"}],"wp:attachment":[{"href":"https:\/\/spps.gob.ar\/index.php?rest_route=%2Fwp%2Fv2%2Fmedia&parent=4897"}],"wp:term":[{"taxonomy":"category","embeddable":true,"href":"https:\/\/spps.gob.ar\/index.php?rest_route=%2Fwp%2Fv2%2Fcategories&post=4897"},{"taxonomy":"post_tag","embeddable":true,"href":"https:\/\/spps.gob.ar\/index.php?rest_route=%2Fwp%2Fv2%2Ftags&post=4897"}],"curies":[{"name":"wp","href":"https:\/\/api.w.org\/{rel}","templated":true}]}}