{"id":4887,"date":"2026-01-21T11:28:29","date_gmt":"2026-01-21T14:28:29","guid":{"rendered":"https:\/\/spps.gob.ar\/?p=4887"},"modified":"2026-03-14T11:59:07","modified_gmt":"2026-03-14T14:59:07","slug":"entregaron-equipamiento-informatico-para-modernizar-el-sistema-penitenciario-de-salta","status":"publish","type":"post","link":"https:\/\/spps.gob.ar\/?p=4887","title":{"rendered":"Entregaron equipamiento inform\u00e1tico para modernizar el sistema penitenciario de Salta"},"content":{"rendered":"\n<figure class=\"wp-block-image alignright size-full\"><img loading=\"lazy\" decoding=\"async\" width=\"560\" height=\"315\" src=\"https:\/\/spps.gob.ar\/wp-content\/uploads\/2026\/03\/image-7.png\" alt=\"\" class=\"wp-image-4888\" srcset=\"https:\/\/spps.gob.ar\/wp-content\/uploads\/2026\/03\/image-7.png 560w, https:\/\/spps.gob.ar\/wp-content\/uploads\/2026\/03\/image-7-300x169.png 300w\" sizes=\"auto, (max-width: 560px) 100vw, 560px\" \/><\/figure>\n\n\n\n<p>La incorporaci\u00f3n de computadoras e impresoras, adquiridas con fondos provenientes de remates judiciales, permitir\u00e1 optimizar la gesti\u00f3n y fortalecer la articulaci\u00f3n entre el sistema penitenciario y el Poder Judicial.<\/p>\n\n\n\n<p><a href=\"https:\/\/www.salta.gob.ar\/public\/images\/noticias\/105938-entregaron-equipamiento-informatico-para-modernizar-el-sistema-penitenciario-de-salta.webp\"><\/a><\/p>\n\n\n\n<p>El&nbsp;<strong>secretario de Justicia y Derechos Humanos, Javier M\u00f3nico,<\/strong>&nbsp;junto a la&nbsp;<strong>presidenta de la Corte de Justicia, Teresa Ovejero<\/strong>, encabez\u00f3&nbsp;el acto de entrega de equipamiento inform\u00e1tico destinado a la modernizaci\u00f3n del sistema penitenciario de la Provincia de Salta. La iniciativa se enmarca en una pol\u00edtica p\u00fablica orientada al fortalecimiento de la justicia y a la modernizaci\u00f3n institucional, y es el resultado de un Convenio Marco de Colaboraci\u00f3n suscripto entre el Poder Judicial, el Ministerio de Seguridad y Justicia y el Ministerio de Econom\u00eda y Servicios P\u00fablicos.<\/p>\n\n\n\n<p>Como resultado de este acuerdo, se concret\u00f3 la incorporaci\u00f3n de 61 equipos inform\u00e1ticos completos, 61 impresoras multifunci\u00f3n y accesorios de conectividad, que ser\u00e1n destinados exclusivamente al Servicio Penitenciario de la Provincia de Salta. La adquisici\u00f3n del equipamiento fue realizada con fondos provenientes de remates judiciales, y ser\u00e1 distribuida en las distintas unidades carcelarias y alcaid\u00edas de la provincia, en el marco de la implementaci\u00f3n del Sistema de Gesti\u00f3n Judicial y del Sistema de Apoyo del Poder Judicial.<\/p>\n\n\n\n<p>Esta incorporaci\u00f3n tecnol\u00f3gica constituye un eje central del proceso de transformaci\u00f3n, ya que permitir\u00e1 integrar de manera directa a las dependencias penitenciarias con los organismos judiciales, garantizando una gesti\u00f3n m\u00e1s \u00e1gil, segura y transparente de la informaci\u00f3n vinculada a los procesos de ejecuci\u00f3n penal.<\/p>\n\n\n\n<p>La inversi\u00f3n total destinada a la adquisici\u00f3n del equipamiento asciende a $87.186.687, reafirmando la decisi\u00f3n del Estado provincial de reinvertir recursos provenientes de remates judiciales en acciones concretas que fortalecen el sistema de justicia y seguridad.<\/p>\n\n\n\n<p>Participaron del acto la vicepresidenta segunda de la Corte de Justicia, Adriana Rodr\u00edguez Faraldo, la jueza de Corte de Justicia de Salta Mar\u00eda Alejandra Gauffin, la subsecretaria de Justicia, Agustina Rizzoli, el director general del Servicio Penitenciario de Salta, Enrique Daniel Torres, la subdirectora general, Valeria Romina Calisaya, el coordinador general del Ministerio de Seguridad, Oscar Reinaldo Loutayf, y el director de Pol\u00edticas Penales, Jorge Javier Salgado, entre otras autoridades.<\/p>\n\n\n\n<p><\/p>\n\n\n\n<h3 class=\"wp-block-heading has-text-align-center\">Galer\u00eda de Fotos<\/h3>\n\n\n\n<figure class=\"wp-block-gallery has-nested-images columns-default is-cropped wp-block-gallery-1 is-layout-flex wp-block-gallery-is-layout-flex\">\n<figure class=\"wp-block-image size-large\"><img loading=\"lazy\" decoding=\"async\" width=\"560\" height=\"315\" data-id=\"4894\" src=\"https:\/\/spps.gob.ar\/wp-content\/uploads\/2026\/03\/image-13.png\" alt=\"\" class=\"wp-image-4894\" srcset=\"https:\/\/spps.gob.ar\/wp-content\/uploads\/2026\/03\/image-13.png 560w, https:\/\/spps.gob.ar\/wp-content\/uploads\/2026\/03\/image-13-300x169.png 300w\" sizes=\"auto, (max-width: 560px) 100vw, 560px\" \/><\/figure>\n\n\n\n<figure class=\"wp-block-image size-large\"><img loading=\"lazy\" decoding=\"async\" width=\"560\" height=\"315\" data-id=\"4893\" src=\"https:\/\/spps.gob.ar\/wp-content\/uploads\/2026\/03\/image-12.png\" alt=\"\" class=\"wp-image-4893\" srcset=\"https:\/\/spps.gob.ar\/wp-content\/uploads\/2026\/03\/image-12.png 560w, https:\/\/spps.gob.ar\/wp-content\/uploads\/2026\/03\/image-12-300x169.png 300w\" sizes=\"auto, (max-width: 560px) 100vw, 560px\" \/><\/figure>\n\n\n\n<figure class=\"wp-block-image size-large\"><img loading=\"lazy\" decoding=\"async\" width=\"560\" height=\"315\" data-id=\"4891\" src=\"https:\/\/spps.gob.ar\/wp-content\/uploads\/2026\/03\/image-10.png\" alt=\"\" class=\"wp-image-4891\" srcset=\"https:\/\/spps.gob.ar\/wp-content\/uploads\/2026\/03\/image-10.png 560w, https:\/\/spps.gob.ar\/wp-content\/uploads\/2026\/03\/image-10-300x169.png 300w\" sizes=\"auto, (max-width: 560px) 100vw, 560px\" \/><\/figure>\n\n\n\n<figure class=\"wp-block-image size-large\"><img loading=\"lazy\" decoding=\"async\" width=\"560\" height=\"315\" data-id=\"4889\" src=\"https:\/\/spps.gob.ar\/wp-content\/uploads\/2026\/03\/image-8.png\" alt=\"\" class=\"wp-image-4889\" srcset=\"https:\/\/spps.gob.ar\/wp-content\/uploads\/2026\/03\/image-8.png 560w, https:\/\/spps.gob.ar\/wp-content\/uploads\/2026\/03\/image-8-300x169.png 300w\" sizes=\"auto, (max-width: 560px) 100vw, 560px\" \/><\/figure>\n\n\n\n<figure class=\"wp-block-image size-large\"><img loading=\"lazy\" decoding=\"async\" width=\"560\" height=\"315\" data-id=\"4890\" src=\"https:\/\/spps.gob.ar\/wp-content\/uploads\/2026\/03\/image-9.png\" alt=\"\" class=\"wp-image-4890\" srcset=\"https:\/\/spps.gob.ar\/wp-content\/uploads\/2026\/03\/image-9.png 560w, https:\/\/spps.gob.ar\/wp-content\/uploads\/2026\/03\/image-9-300x169.png 300w\" sizes=\"auto, (max-width: 560px) 100vw, 560px\" \/><\/figure>\n<\/figure>\n","protected":false},"excerpt":{"rendered":"<p>La incorporaci\u00f3n de computadoras e impresoras, adquiridas con fondos provenientes de remates judiciales, permitir\u00e1 optimizar la gesti\u00f3n y fortalecer la [&hellip;]<\/p>\n","protected":false},"author":8,"featured_media":4893,"comment_status":"closed","ping_status":"closed","sticky":false,"template":"","format":"standard","meta":{"_uag_custom_page_level_css":"","site-sidebar-layout":"default","site-content-layout":"","ast-site-content-layout":"default","site-content-style":"default","site-sidebar-style":"default","ast-global-header-display":"","ast-banner-title-visibility":"","ast-main-header-display":"","ast-hfb-above-header-display":"","ast-hfb-below-header-display":"","ast-hfb-mobile-header-display":"","site-post-title":"","ast-breadcrumbs-content":"","ast-featured-img":"","footer-sml-layout":"","ast-disable-related-posts":"","theme-transparent-header-meta":"","adv-header-id-meta":"","stick-header-meta":"","header-above-stick-meta":"","header-main-stick-meta":"","header-below-stick-meta":"","astra-migrate-meta-layouts":"default","ast-page-background-enabled":"default","ast-page-background-meta":{"desktop":{"background-color":"var(--ast-global-color-4)","background-image":"","background-repeat":"repeat","background-position":"center center","background-size":"auto","background-attachment":"scroll","background-type":"","background-media":"","overlay-type":"","overlay-color":"","overlay-opacity":"","overlay-gradient":""},"tablet":{"background-color":"","background-image":"","background-repeat":"repeat","background-position":"center center","background-size":"auto","background-attachment":"scroll","background-type":"","background-media":"","overlay-type":"","overlay-color":"","overlay-opacity":"","overlay-gradient":""},"mobile":{"background-color":"","background-image":"","background-repeat":"repeat","background-position":"center center","background-size":"auto","background-attachment":"scroll","background-type":"","background-media":"","overlay-type":"","overlay-color":"","overlay-opacity":"","overlay-gradient":""}},"ast-content-background-meta":{"desktop":{"background-color":"var(--ast-global-color-5)","background-image":"","background-repeat":"repeat","background-position":"center center","background-size":"auto","background-attachment":"scroll","background-type":"","background-media":"","overlay-type":"","overlay-color":"","overlay-opacity":"","overlay-gradient":""},"tablet":{"background-color":"var(--ast-global-color-5)","background-image":"","background-repeat":"repeat","background-position":"center center","background-size":"auto","background-attachment":"scroll","background-type":"","background-media":"","overlay-type":"","overlay-color":"","overlay-opacity":"","overlay-gradient":""},"mobile":{"background-color":"var(--ast-global-color-5)","background-image":"","background-repeat":"repeat","background-position":"center center","background-size":"auto","background-attachment":"scroll","background-type":"","background-media":"","overlay-type":"","overlay-color":"","overlay-opacity":"","overlay-gradient":""}},"footnotes":""},"categories":[1],"tags":[],"class_list":["post-4887","post","type-post","status-publish","format-standard","has-post-thumbnail","hentry","category-sin-categoria"],"uagb_featured_image_src":{"full":["https:\/\/spps.gob.ar\/wp-content\/uploads\/2026\/03\/image-12.png",560,315,false],"thumbnail":["https:\/\/spps.gob.ar\/wp-content\/uploads\/2026\/03\/image-12-150x150.png",150,150,true],"medium":["https:\/\/spps.gob.ar\/wp-content\/uploads\/2026\/03\/image-12-300x169.png",300,169,true],"medium_large":["https:\/\/spps.gob.ar\/wp-content\/uploads\/2026\/03\/image-12.png",560,315,false],"large":["https:\/\/spps.gob.ar\/wp-content\/uploads\/2026\/03\/image-12.png",560,315,false],"1536x1536":["https:\/\/spps.gob.ar\/wp-content\/uploads\/2026\/03\/image-12.png",560,315,false],"2048x2048":["https:\/\/spps.gob.ar\/wp-content\/uploads\/2026\/03\/image-12.png",560,315,false]},"uagb_author_info":{"display_name":"Ceremonial","author_link":"https:\/\/spps.gob.ar\/?author=8"},"uagb_comment_info":0,"uagb_excerpt":"La incorporaci\u00f3n de computadoras e impresoras, adquiridas con fondos provenientes de remates judiciales, permitir\u00e1 optimizar la gesti\u00f3n y fortalecer la [&hellip;]","_links":{"self":[{"href":"https:\/\/spps.gob.ar\/index.php?rest_route=\/wp\/v2\/posts\/4887","targetHints":{"allow":["GET"]}}],"collection":[{"href":"https:\/\/spps.gob.ar\/index.php?rest_route=\/wp\/v2\/posts"}],"about":[{"href":"https:\/\/spps.gob.ar\/index.php?rest_route=\/wp\/v2\/types\/post"}],"author":[{"embeddable":true,"href":"https:\/\/spps.gob.ar\/index.php?rest_route=\/wp\/v2\/users\/8"}],"replies":[{"embeddable":true,"href":"https:\/\/spps.gob.ar\/index.php?rest_route=%2Fwp%2Fv2%2Fcomments&post=4887"}],"version-history":[{"count":2,"href":"https:\/\/spps.gob.ar\/index.php?rest_route=\/wp\/v2\/posts\/4887\/revisions"}],"predecessor-version":[{"id":4896,"href":"https:\/\/spps.gob.ar\/index.php?rest_route=\/wp\/v2\/posts\/4887\/revisions\/4896"}],"wp:featuredmedia":[{"embeddable":true,"href":"https:\/\/spps.gob.ar\/index.php?rest_route=\/wp\/v2\/media\/4893"}],"wp:attachment":[{"href":"https:\/\/spps.gob.ar\/index.php?rest_route=%2Fwp%2Fv2%2Fmedia&parent=4887"}],"wp:term":[{"taxonomy":"category","embeddable":true,"href":"https:\/\/spps.gob.ar\/index.php?rest_route=%2Fwp%2Fv2%2Fcategories&post=4887"},{"taxonomy":"post_tag","embeddable":true,"href":"https:\/\/spps.gob.ar\/index.php?rest_route=%2Fwp%2Fv2%2Ftags&post=4887"}],"curies":[{"name":"wp","href":"https:\/\/api.w.org\/{rel}","templated":true}]}}