{"id":4878,"date":"2026-03-13T11:22:30","date_gmt":"2026-03-13T14:22:30","guid":{"rendered":"https:\/\/spps.gob.ar\/?p=4878"},"modified":"2026-03-14T11:58:48","modified_gmt":"2026-03-14T14:58:48","slug":"la-provincia-celebro-el-26o-aniversario-de-la-granja-penal-santa-teresita-y-destaco-su-modelo-de-reinsercion-social","status":"publish","type":"post","link":"https:\/\/spps.gob.ar\/?p=4878","title":{"rendered":"La Provincia celebr\u00f3 el 26\u00ba aniversario de la Granja Penal \u201cSanta Teresita\u201d y destac\u00f3 su modelo de reinserci\u00f3n social"},"content":{"rendered":"\n<figure class=\"wp-block-image alignright size-full\"><img loading=\"lazy\" decoding=\"async\" width=\"560\" height=\"315\" src=\"https:\/\/spps.gob.ar\/wp-content\/uploads\/2026\/03\/image-2.png\" alt=\"\" class=\"wp-image-4879\" srcset=\"https:\/\/spps.gob.ar\/wp-content\/uploads\/2026\/03\/image-2.png 560w, https:\/\/spps.gob.ar\/wp-content\/uploads\/2026\/03\/image-2-300x169.png 300w\" sizes=\"auto, (max-width: 560px) 100vw, 560px\" \/><\/figure>\n\n\n\n<p>Durante el acto se puso en valor el rol de la Unidad Carcelaria N.\u00ba 7 dentro del sistema penitenciario provincial, donde las personas privadas de libertad se capacitan y desarrollan actividades productivas orientadas a su reinserci\u00f3n social y laboral.<\/p>\n\n\n\n<p><a href=\"https:\/\/www.salta.gob.ar\/public\/images\/noticias\/105938-entregaron-equipamiento-informatico-para-modernizar-el-sistema-penitenciario-de-salta.webp\"><\/a><\/p>\n\n\n\n<p>El Gobierno de la Provincia conmemor\u00f3 el 26.\u00ba aniversario de la Unidad Carcelaria N.\u00ba 7 Granja Penal \u201cSanta Teresita\u201d, destacando su rol como un espacio clave del sistema penitenciario orientado a la formaci\u00f3n y al trabajo de las personas privadas de libertad. El acto fue encabezado por el ministro de Producci\u00f3n y Miner\u00eda,&nbsp;<strong>Jos\u00e9 Ignacio Lupi\u00f3n<\/strong>, el secretario de Justicia y Derechos Humanos,&nbsp;<strong>Javier M\u00f3nico<\/strong>, y el director general del Servicio Penitenciario de Salta,&nbsp;<strong>Enrique Torres<\/strong>.<\/p>\n\n\n\n<p>En la oportunidad, el secretario de Justicia y Derechos Humanos felicit\u00f3 al personal de la unidad y resalt\u00f3 la importancia de la labor que se desarrolla en el establecimiento. \u201cTenemos que poner nuestro mejor esfuerzo para que quienes est\u00e1n aqu\u00ed alojados puedan salir con herramientas que les permitan integrarse a la cultura del trabajo y a una cultura de pacificaci\u00f3n social que nuestra sociedad necesita\u201d, expres\u00f3.<\/p>\n\n\n\n<p>Durante la jornada se destac\u00f3 el modelo de trabajo que se desarrolla en la unidad, donde los internos, bajo un r\u00e9gimen semiabierto, participan en actividades productivas destinadas a fortalecer la disciplina, la responsabilidad y la adquisici\u00f3n de habilidades laborales. En ese marco, se proyecta la implementaci\u00f3n de nuevos talleres que ampliar\u00e1n las oportunidades de capacitaci\u00f3n y consolidar\u00e1n el perfil productivo del establecimiento.<\/p>\n\n\n\n<p>En la granja penal, las personas privadas de libertad se capacitan y trabajan en actividades como agricultura, ganader\u00eda, cer\u00e1mica y talabarter\u00eda, experiencias que les permiten adquirir herramientas para su reinserci\u00f3n laboral al recuperar la libertad.<\/p>\n\n\n\n<figure class=\"wp-block-image aligncenter is-resized\"><a href=\"https:\/\/www.salta.gob.ar\/public\/images\/noticias\/contenidos\/22312-la-provincia-celebro-el-26-aniversario-de-la-granja-penal-santa-teresita-.webp\"><img decoding=\"async\" src=\"https:\/\/www.salta.gob.ar\/public\/images\/noticias\/contenidos\/22312-la-provincia-celebro-el-26-aniversario-de-la-granja-penal-santa-teresita-.webp\" alt=\"La Provincia celebr\u00f3 el 26\u00ba aniversario de la Granja Penal \u201cSanta Teresita\u201d .\" style=\"aspect-ratio:1.7767575322812053;width:615px;height:auto\"\/><\/a><\/figure>\n\n\n\n<p>Participaron tambi\u00e9n de la actividad la subsecretaria de Justicia, Agustina Rizzoli, la subdirectora del Servicio Penitenciario, Valeria Calisaya, el director de Pol\u00edticas Penales, Javier Salgado, y el senador provincial por el departamento Cerrillos, Gonzalo Caro D\u00e1valos.<\/p>\n\n\n\n<h3 class=\"wp-block-heading\">Galer\u00eda de Fotos<\/h3>\n\n\n\n<figure class=\"wp-block-gallery has-nested-images columns-default is-cropped wp-block-gallery-1 is-layout-flex wp-block-gallery-is-layout-flex\">\n<figure class=\"wp-block-image size-large\"><img loading=\"lazy\" decoding=\"async\" width=\"560\" height=\"315\" data-id=\"4883\" src=\"https:\/\/spps.gob.ar\/wp-content\/uploads\/2026\/03\/image-6.png\" alt=\"\" class=\"wp-image-4883\" srcset=\"https:\/\/spps.gob.ar\/wp-content\/uploads\/2026\/03\/image-6.png 560w, https:\/\/spps.gob.ar\/wp-content\/uploads\/2026\/03\/image-6-300x169.png 300w\" sizes=\"auto, (max-width: 560px) 100vw, 560px\" \/><\/figure>\n\n\n\n<figure class=\"wp-block-image size-large\"><img loading=\"lazy\" decoding=\"async\" width=\"560\" height=\"315\" data-id=\"4882\" src=\"https:\/\/spps.gob.ar\/wp-content\/uploads\/2026\/03\/image-5.png\" alt=\"\" class=\"wp-image-4882\" srcset=\"https:\/\/spps.gob.ar\/wp-content\/uploads\/2026\/03\/image-5.png 560w, https:\/\/spps.gob.ar\/wp-content\/uploads\/2026\/03\/image-5-300x169.png 300w\" sizes=\"auto, (max-width: 560px) 100vw, 560px\" \/><\/figure>\n\n\n\n<figure class=\"wp-block-image size-large\"><img loading=\"lazy\" decoding=\"async\" width=\"1024\" height=\"576\" data-id=\"4881\" src=\"https:\/\/spps.gob.ar\/wp-content\/uploads\/2026\/03\/image-4-1024x576.png\" alt=\"\" class=\"wp-image-4881\" srcset=\"https:\/\/spps.gob.ar\/wp-content\/uploads\/2026\/03\/image-4-1024x576.png 1024w, https:\/\/spps.gob.ar\/wp-content\/uploads\/2026\/03\/image-4-300x169.png 300w, https:\/\/spps.gob.ar\/wp-content\/uploads\/2026\/03\/image-4-768x432.png 768w, https:\/\/spps.gob.ar\/wp-content\/uploads\/2026\/03\/image-4.png 1066w\" sizes=\"auto, (max-width: 1024px) 100vw, 1024px\" \/><\/figure>\n\n\n\n<figure class=\"wp-block-image size-large\"><img loading=\"lazy\" decoding=\"async\" width=\"560\" height=\"315\" data-id=\"4880\" src=\"https:\/\/spps.gob.ar\/wp-content\/uploads\/2026\/03\/image-3.png\" alt=\"\" class=\"wp-image-4880\" srcset=\"https:\/\/spps.gob.ar\/wp-content\/uploads\/2026\/03\/image-3.png 560w, https:\/\/spps.gob.ar\/wp-content\/uploads\/2026\/03\/image-3-300x169.png 300w\" sizes=\"auto, (max-width: 560px) 100vw, 560px\" \/><\/figure>\n<\/figure>\n","protected":false},"excerpt":{"rendered":"<p>Durante el acto se puso en valor el rol de la Unidad Carcelaria N.\u00ba 7 dentro del sistema penitenciario provincial, [&hellip;]<\/p>\n","protected":false},"author":8,"featured_media":4881,"comment_status":"closed","ping_status":"closed","sticky":false,"template":"","format":"standard","meta":{"_uag_custom_page_level_css":"","site-sidebar-layout":"default","site-content-layout":"","ast-site-content-layout":"default","site-content-style":"default","site-sidebar-style":"default","ast-global-header-display":"","ast-banner-title-visibility":"","ast-main-header-display":"","ast-hfb-above-header-display":"","ast-hfb-below-header-display":"","ast-hfb-mobile-header-display":"","site-post-title":"","ast-breadcrumbs-content":"","ast-featured-img":"","footer-sml-layout":"","ast-disable-related-posts":"","theme-transparent-header-meta":"","adv-header-id-meta":"","stick-header-meta":"","header-above-stick-meta":"","header-main-stick-meta":"","header-below-stick-meta":"","astra-migrate-meta-layouts":"default","ast-page-background-enabled":"default","ast-page-background-meta":{"desktop":{"background-color":"var(--ast-global-color-4)","background-image":"","background-repeat":"repeat","background-position":"center center","background-size":"auto","background-attachment":"scroll","background-type":"","background-media":"","overlay-type":"","overlay-color":"","overlay-opacity":"","overlay-gradient":""},"tablet":{"background-color":"","background-image":"","background-repeat":"repeat","background-position":"center center","background-size":"auto","background-attachment":"scroll","background-type":"","background-media":"","overlay-type":"","overlay-color":"","overlay-opacity":"","overlay-gradient":""},"mobile":{"background-color":"","background-image":"","background-repeat":"repeat","background-position":"center center","background-size":"auto","background-attachment":"scroll","background-type":"","background-media":"","overlay-type":"","overlay-color":"","overlay-opacity":"","overlay-gradient":""}},"ast-content-background-meta":{"desktop":{"background-color":"var(--ast-global-color-5)","background-image":"","background-repeat":"repeat","background-position":"center center","background-size":"auto","background-attachment":"scroll","background-type":"","background-media":"","overlay-type":"","overlay-color":"","overlay-opacity":"","overlay-gradient":""},"tablet":{"background-color":"var(--ast-global-color-5)","background-image":"","background-repeat":"repeat","background-position":"center center","background-size":"auto","background-attachment":"scroll","background-type":"","background-media":"","overlay-type":"","overlay-color":"","overlay-opacity":"","overlay-gradient":""},"mobile":{"background-color":"var(--ast-global-color-5)","background-image":"","background-repeat":"repeat","background-position":"center center","background-size":"auto","background-attachment":"scroll","background-type":"","background-media":"","overlay-type":"","overlay-color":"","overlay-opacity":"","overlay-gradient":""}},"footnotes":""},"categories":[1],"tags":[],"class_list":["post-4878","post","type-post","status-publish","format-standard","has-post-thumbnail","hentry","category-sin-categoria"],"uagb_featured_image_src":{"full":["https:\/\/spps.gob.ar\/wp-content\/uploads\/2026\/03\/image-4.png",1066,600,false],"thumbnail":["https:\/\/spps.gob.ar\/wp-content\/uploads\/2026\/03\/image-4-150x150.png",150,150,true],"medium":["https:\/\/spps.gob.ar\/wp-content\/uploads\/2026\/03\/image-4-300x169.png",300,169,true],"medium_large":["https:\/\/spps.gob.ar\/wp-content\/uploads\/2026\/03\/image-4-768x432.png",768,432,true],"large":["https:\/\/spps.gob.ar\/wp-content\/uploads\/2026\/03\/image-4-1024x576.png",1024,576,true],"1536x1536":["https:\/\/spps.gob.ar\/wp-content\/uploads\/2026\/03\/image-4.png",1066,600,false],"2048x2048":["https:\/\/spps.gob.ar\/wp-content\/uploads\/2026\/03\/image-4.png",1066,600,false]},"uagb_author_info":{"display_name":"Ceremonial","author_link":"https:\/\/spps.gob.ar\/?author=8"},"uagb_comment_info":0,"uagb_excerpt":"Durante el acto se puso en valor el rol de la Unidad Carcelaria N.\u00ba 7 dentro del sistema penitenciario provincial, [&hellip;]","_links":{"self":[{"href":"https:\/\/spps.gob.ar\/index.php?rest_route=\/wp\/v2\/posts\/4878","targetHints":{"allow":["GET"]}}],"collection":[{"href":"https:\/\/spps.gob.ar\/index.php?rest_route=\/wp\/v2\/posts"}],"about":[{"href":"https:\/\/spps.gob.ar\/index.php?rest_route=\/wp\/v2\/types\/post"}],"author":[{"embeddable":true,"href":"https:\/\/spps.gob.ar\/index.php?rest_route=\/wp\/v2\/users\/8"}],"replies":[{"embeddable":true,"href":"https:\/\/spps.gob.ar\/index.php?rest_route=%2Fwp%2Fv2%2Fcomments&post=4878"}],"version-history":[{"count":3,"href":"https:\/\/spps.gob.ar\/index.php?rest_route=\/wp\/v2\/posts\/4878\/revisions"}],"predecessor-version":[{"id":4886,"href":"https:\/\/spps.gob.ar\/index.php?rest_route=\/wp\/v2\/posts\/4878\/revisions\/4886"}],"wp:featuredmedia":[{"embeddable":true,"href":"https:\/\/spps.gob.ar\/index.php?rest_route=\/wp\/v2\/media\/4881"}],"wp:attachment":[{"href":"https:\/\/spps.gob.ar\/index.php?rest_route=%2Fwp%2Fv2%2Fmedia&parent=4878"}],"wp:term":[{"taxonomy":"category","embeddable":true,"href":"https:\/\/spps.gob.ar\/index.php?rest_route=%2Fwp%2Fv2%2Fcategories&post=4878"},{"taxonomy":"post_tag","embeddable":true,"href":"https:\/\/spps.gob.ar\/index.php?rest_route=%2Fwp%2Fv2%2Ftags&post=4878"}],"curies":[{"name":"wp","href":"https:\/\/api.w.org\/{rel}","templated":true}]}}