{"id":4811,"date":"2026-01-12T11:16:57","date_gmt":"2026-01-12T14:16:57","guid":{"rendered":"https:\/\/spps.gob.ar\/?p=4811"},"modified":"2026-03-14T11:55:57","modified_gmt":"2026-03-14T14:55:57","slug":"tartagal-supervisaron-unidades-del-servicio-penitenciario","status":"publish","type":"post","link":"https:\/\/spps.gob.ar\/?p=4811","title":{"rendered":"Tartagal: supervisaron unidades del Servicio Penitenciario"},"content":{"rendered":"\n<figure class=\"wp-block-image alignright is-resized\"><a href=\"https:\/\/www.salta.gob.ar\/public\/images\/noticias\/contenidos\/21520-tartagal-supervisaron-dependencias-de-seguridad-y-del-servicio-penitenciario.webp\"><img decoding=\"async\" src=\"https:\/\/www.salta.gob.ar\/public\/images\/noticias\/contenidos\/21520-tartagal-supervisaron-dependencias-de-seguridad-y-del-servicio-penitenciario.webp\" alt=\"Tartagal: supervisaron dependencias de seguridad y del Servicio Penitenciario\" style=\"aspect-ratio:1.7383888013349402;width:698px;height:auto\"\/><\/a><\/figure>\n\n\n\n<p>El secretario de Justicia, Javier M\u00f3nico, recorri\u00f3 las instalaciones para inspeccionar la infraestructura penitenciaria y de seguridad, y verificar el funcionamiento de los distintos dispositivos vinculados al sistema de justicia, en articulaci\u00f3n con las autoridades locales del departamento San Mart\u00edn.<\/p>\n\n\n\n<p><a href=\"https:\/\/www.salta.gob.ar\/public\/images\/noticias\/105841-tartagal-supervisaron-dependencias-de-seguridad-y-del-servicio-penitenciario.webp\"><\/a><\/p>\n\n\n\n<p>El secretario de Justicia,&nbsp;<strong>Javier M\u00f3nico<\/strong>, acompa\u00f1ado por el director de Pol\u00edticas Penales,<strong>&nbsp;Javier Salgado<\/strong>, recorri\u00f3 la Unidad Carcelaria N\u00b0 5 del Servicio Penitenciario de la Provincia, la alcald\u00eda, el dispositivo para j\u00f3venes en conflicto con la ley y las comisar\u00edas N\u00b0 3 y N\u00b0 4 de Tartagal.<\/p>\n\n\n\n<p>La actividad tuvo como objetivo fortalecer la presencia del Estado provincial en territorio, conocer de manera directa la realidad de la infraestructura penitenciaria y de seguridad, y relevar el funcionamiento de los distintos dispositivos vinculados al sistema de justicia, en articulaci\u00f3n con las autoridades locales del departamento San Mart\u00edn.<\/p>\n\n\n\n<p>En el marco de la visita a la Unidad Carcelaria N\u00b0 5, se llev\u00f3 a cabo una reuni\u00f3n de trabajo con autoridades del municipio y legislativas; entre ellas el intendente Franco Hern\u00e1ndez, el senador Manuel Pailer, el diputado Edgar Dom\u00ednguez, la diputada Miller, y autoridades del Servicio Penitenciario Provincial, encabezadas por el director General Torres. Durante el encuentro se abordaron aspectos vinculados al funcionamiento del establecimiento, las condiciones de infraestructura y las l\u00edneas de trabajo institucional en materia de seguridad y tratamiento penitenciario.<\/p>\n\n\n\n<p>Posteriormente, se realiz\u00f3 una recorrida por las distintas \u00e1reas de la unidad carcelaria, donde se tom\u00f3 conocimiento de los programas que se implementan para la seguridad, la rehabilitaci\u00f3n y la reinserci\u00f3n social de las personas privadas de libertad. Asimismo, se inform\u00f3 a las autoridades locales sobre la reciente adjudicaci\u00f3n de una obra que contempla la incorporaci\u00f3n de un sistema modular de alojamiento con capacidad para 128 internos, con un plazo de ejecuci\u00f3n estimado en seis meses y puesta en funcionamiento prevista para mediados del a\u00f1o.<\/p>\n\n\n\n<p>La agenda desarrollada reafirma la importancia del trabajo en territorio, el acompa\u00f1amiento de los dirigentes pol\u00edticos del departamento y el fortalecimiento del Servicio Penitenciario de la Provincia, en el marco de una pol\u00edtica p\u00fablica orientada a mejorar las condiciones de infraestructura, seguridad y reinserci\u00f3n social en el norte provincial.<\/p>\n\n\n\n<p><\/p>\n\n\n\n<h3 class=\"wp-block-heading has-text-align-center\">Galer\u00eda de Fotos<\/h3>\n\n\n\n<figure class=\"wp-block-gallery has-nested-images columns-default is-cropped wp-block-gallery-1 is-layout-flex wp-block-gallery-is-layout-flex\">\n<figure class=\"wp-block-image size-large\"><img loading=\"lazy\" decoding=\"async\" width=\"1024\" height=\"589\" data-id=\"4875\" src=\"https:\/\/spps.gob.ar\/wp-content\/uploads\/2026\/03\/image-1-1024x589.png\" alt=\"\" class=\"wp-image-4875\" srcset=\"https:\/\/spps.gob.ar\/wp-content\/uploads\/2026\/03\/image-1-1024x589.png 1024w, https:\/\/spps.gob.ar\/wp-content\/uploads\/2026\/03\/image-1-300x173.png 300w, https:\/\/spps.gob.ar\/wp-content\/uploads\/2026\/03\/image-1-768x442.png 768w, https:\/\/spps.gob.ar\/wp-content\/uploads\/2026\/03\/image-1.png 1043w\" sizes=\"auto, (max-width: 1024px) 100vw, 1024px\" \/><\/figure>\n\n\n\n<figure class=\"wp-block-image size-large\"><img loading=\"lazy\" decoding=\"async\" width=\"1024\" height=\"589\" data-id=\"4874\" src=\"https:\/\/spps.gob.ar\/wp-content\/uploads\/2026\/03\/image-1024x589.png\" alt=\"\" class=\"wp-image-4874\" srcset=\"https:\/\/spps.gob.ar\/wp-content\/uploads\/2026\/03\/image-1024x589.png 1024w, https:\/\/spps.gob.ar\/wp-content\/uploads\/2026\/03\/image-300x173.png 300w, https:\/\/spps.gob.ar\/wp-content\/uploads\/2026\/03\/image-768x442.png 768w, https:\/\/spps.gob.ar\/wp-content\/uploads\/2026\/03\/image.png 1043w\" sizes=\"auto, (max-width: 1024px) 100vw, 1024px\" \/><\/figure>\n<\/figure>\n\n\n\n<p><a href=\"https:\/\/www.salta.gob.ar\/public\/images\/noticias\/fotos\/17108-tartagal-supervisaron-dependencias-de-seguridad-y-del-servicio-penitenciario.webp\"><\/a><\/p>\n\n\n\n<p><a href=\"https:\/\/www.salta.gob.ar\/public\/images\/noticias\/fotos\/17107-tartagal-supervisaron-dependencias-de-seguridad-y-del-servicio-penitenciario.webp\"><\/a><\/p>\n\n\n\n<p><\/p>\n","protected":false},"excerpt":{"rendered":"<p>El secretario de Justicia, Javier M\u00f3nico, recorri\u00f3 las instalaciones para inspeccionar la infraestructura penitenciaria y de seguridad, y verificar el [&hellip;]<\/p>\n","protected":false},"author":8,"featured_media":4875,"comment_status":"closed","ping_status":"closed","sticky":false,"template":"","format":"standard","meta":{"_uag_custom_page_level_css":"","site-sidebar-layout":"default","site-content-layout":"","ast-site-content-layout":"default","site-content-style":"default","site-sidebar-style":"default","ast-global-header-display":"","ast-banner-title-visibility":"","ast-main-header-display":"","ast-hfb-above-header-display":"","ast-hfb-below-header-display":"","ast-hfb-mobile-header-display":"","site-post-title":"","ast-breadcrumbs-content":"","ast-featured-img":"","footer-sml-layout":"","ast-disable-related-posts":"","theme-transparent-header-meta":"","adv-header-id-meta":"","stick-header-meta":"","header-above-stick-meta":"","header-main-stick-meta":"","header-below-stick-meta":"","astra-migrate-meta-layouts":"default","ast-page-background-enabled":"default","ast-page-background-meta":{"desktop":{"background-color":"var(--ast-global-color-4)","background-image":"","background-repeat":"repeat","background-position":"center center","background-size":"auto","background-attachment":"scroll","background-type":"","background-media":"","overlay-type":"","overlay-color":"","overlay-opacity":"","overlay-gradient":""},"tablet":{"background-color":"","background-image":"","background-repeat":"repeat","background-position":"center center","background-size":"auto","background-attachment":"scroll","background-type":"","background-media":"","overlay-type":"","overlay-color":"","overlay-opacity":"","overlay-gradient":""},"mobile":{"background-color":"","background-image":"","background-repeat":"repeat","background-position":"center center","background-size":"auto","background-attachment":"scroll","background-type":"","background-media":"","overlay-type":"","overlay-color":"","overlay-opacity":"","overlay-gradient":""}},"ast-content-background-meta":{"desktop":{"background-color":"var(--ast-global-color-5)","background-image":"","background-repeat":"repeat","background-position":"center center","background-size":"auto","background-attachment":"scroll","background-type":"","background-media":"","overlay-type":"","overlay-color":"","overlay-opacity":"","overlay-gradient":""},"tablet":{"background-color":"var(--ast-global-color-5)","background-image":"","background-repeat":"repeat","background-position":"center center","background-size":"auto","background-attachment":"scroll","background-type":"","background-media":"","overlay-type":"","overlay-color":"","overlay-opacity":"","overlay-gradient":""},"mobile":{"background-color":"var(--ast-global-color-5)","background-image":"","background-repeat":"repeat","background-position":"center center","background-size":"auto","background-attachment":"scroll","background-type":"","background-media":"","overlay-type":"","overlay-color":"","overlay-opacity":"","overlay-gradient":""}},"footnotes":""},"categories":[1],"tags":[],"class_list":["post-4811","post","type-post","status-publish","format-standard","has-post-thumbnail","hentry","category-sin-categoria"],"uagb_featured_image_src":{"full":["https:\/\/spps.gob.ar\/wp-content\/uploads\/2026\/03\/image-1.png",1043,600,false],"thumbnail":["https:\/\/spps.gob.ar\/wp-content\/uploads\/2026\/03\/image-1-150x150.png",150,150,true],"medium":["https:\/\/spps.gob.ar\/wp-content\/uploads\/2026\/03\/image-1-300x173.png",300,173,true],"medium_large":["https:\/\/spps.gob.ar\/wp-content\/uploads\/2026\/03\/image-1-768x442.png",768,442,true],"large":["https:\/\/spps.gob.ar\/wp-content\/uploads\/2026\/03\/image-1-1024x589.png",1024,589,true],"1536x1536":["https:\/\/spps.gob.ar\/wp-content\/uploads\/2026\/03\/image-1.png",1043,600,false],"2048x2048":["https:\/\/spps.gob.ar\/wp-content\/uploads\/2026\/03\/image-1.png",1043,600,false]},"uagb_author_info":{"display_name":"Ceremonial","author_link":"https:\/\/spps.gob.ar\/?author=8"},"uagb_comment_info":0,"uagb_excerpt":"El secretario de Justicia, Javier M\u00f3nico, recorri\u00f3 las instalaciones para inspeccionar la infraestructura penitenciaria y de seguridad, y verificar el [&hellip;]","_links":{"self":[{"href":"https:\/\/spps.gob.ar\/index.php?rest_route=\/wp\/v2\/posts\/4811","targetHints":{"allow":["GET"]}}],"collection":[{"href":"https:\/\/spps.gob.ar\/index.php?rest_route=\/wp\/v2\/posts"}],"about":[{"href":"https:\/\/spps.gob.ar\/index.php?rest_route=\/wp\/v2\/types\/post"}],"author":[{"embeddable":true,"href":"https:\/\/spps.gob.ar\/index.php?rest_route=\/wp\/v2\/users\/8"}],"replies":[{"embeddable":true,"href":"https:\/\/spps.gob.ar\/index.php?rest_route=%2Fwp%2Fv2%2Fcomments&post=4811"}],"version-history":[{"count":2,"href":"https:\/\/spps.gob.ar\/index.php?rest_route=\/wp\/v2\/posts\/4811\/revisions"}],"predecessor-version":[{"id":4877,"href":"https:\/\/spps.gob.ar\/index.php?rest_route=\/wp\/v2\/posts\/4811\/revisions\/4877"}],"wp:featuredmedia":[{"embeddable":true,"href":"https:\/\/spps.gob.ar\/index.php?rest_route=\/wp\/v2\/media\/4875"}],"wp:attachment":[{"href":"https:\/\/spps.gob.ar\/index.php?rest_route=%2Fwp%2Fv2%2Fmedia&parent=4811"}],"wp:term":[{"taxonomy":"category","embeddable":true,"href":"https:\/\/spps.gob.ar\/index.php?rest_route=%2Fwp%2Fv2%2Fcategories&post=4811"},{"taxonomy":"post_tag","embeddable":true,"href":"https:\/\/spps.gob.ar\/index.php?rest_route=%2Fwp%2Fv2%2Ftags&post=4811"}],"curies":[{"name":"wp","href":"https:\/\/api.w.org\/{rel}","templated":true}]}}